{"id":25482,"date":"2024-02-27T12:45:41","date_gmt":"2024-02-27T15:45:41","guid":{"rendered":"https:\/\/www.fazenda.niteroi.rj.gov.br\/site\/?p=25482"},"modified":"2024-08-02T21:24:01","modified_gmt":"2024-08-03T00:24:01","slug":"acordao-3055-2022","status":"publish","type":"post","link":"https:\/\/www.fazenda.niteroi.rj.gov.br\/site\/acordao-3055-2022\/","title":{"rendered":"Ac\u00f3rd\u00e3o 3055\/2022"},"content":{"rendered":"\n<ul class=\"wp-block-list\">\n<li>1382\u00aa Sess\u00e3o Ordin\u00e1ria, de 30\/11\/2022<\/li>\n<\/ul>\n\n\n\n<p>Processo: 030\/011327\/2021 (Espelho do Processo 030\/026781\/2017)<\/p>\n\n\n\n<p>Recorrente: Esp\u00f3lio de Geraldo da Encarna\u00e7\u00e3o<\/p>\n\n\n\n<p><strong>Ementa: \u201cIPTU &#8211; NOTIFICA\u00c7\u00c3O DE LAN\u00c7AMENTO COMPLEMENTAR &#8211; RECURSO VOLUNT\u00c1RIO &#8211; MAJORA\u00c7\u00c3O DE AL\u00cdQUOTA &#8211; IM\u00d3VEL UTILIZADO PARA FINS DE SERVI\u00c7O &#8211; CONTROV\u00c9RSIA ACERCA DA EXIST\u00caNCIA DE ERRO DE FATO OU DE DIREITO &#8211; CI\u00caNCIA DA MUNICIPALIDADE ACERCA DA UTILIZA\u00c7\u00c3O DO IM\u00d3VEL PARA SERVI\u00c7OS DESDE O ANO DE 2012 &#8211; APLICA\u00c7\u00c3O DA NORMA PREVISTA NO ART. 149, VIII CTN (CONTR\u00c1RIO SENSO) &#8211; RECURSO VOLUNT\u00c1RIO CONHECIDO E DADO PROVIMENTO\u201d.<\/strong><\/p>\n\n\n\n<p>Inteiro teor: <a href=\"https:\/\/www.fazenda.niteroi.rj.gov.br\/site\/wp-content\/uploads\/2024\/02\/PA-11327.21-FLS.-34-A-58.pdf\">Ac\u00f3rd\u00e3o 3055\/2022<\/a><\/p>\n","protected":false},"excerpt":{"rendered":"<p>\u201cIPTU &#8211; NOTIFICA\u00c7\u00c3O DE LAN\u00c7AMENTO COMPLEMENTAR &#8211; RECURSO VOLUNT\u00c1RIO &#8211; MAJORA\u00c7\u00c3O DE AL\u00cdQUOTA &#8211; IM\u00d3VEL UTILIZADO PARA FINS DE SERVI\u00c7O &#8211; CONTROV\u00c9RSIA ACERCA DA EXIST\u00caNCIA DE ERRO DE FATO OU DE DIREITO &#8211; CI\u00caNCIA DA MUNICIPALIDADE ACERCA DA UTILIZA\u00c7\u00c3O DO IM\u00d3VEL PARA SERVI\u00c7OS DESDE O ANO DE 2012 &#8211; APLICA\u00c7\u00c3O DA NORMA PREVISTA NO ART. 149, VIII CTN (CONTR\u00c1RIO SENSO) &#8211; RECURSO VOLUNT\u00c1RIO CONHECIDO E DADO PROVIMENTO<\/p>\n","protected":false},"author":4,"featured_media":0,"comment_status":"closed","ping_status":"closed","sticky":false,"template":"","format":"standard","meta":{"_et_pb_use_builder":"","_et_pb_old_content":"","_et_gb_content_width":"","_usar_header_alternativo":false,"footnotes":""},"categories":[131,126],"tags":[],"class_list":["post-25482","post","type-post","status-publish","format-standard","hentry","category-acordaos","category-ccn","et-doesnt-have-format-content","et_post_format-et-post-format-standard"],"_links":{"self":[{"href":"https:\/\/www.fazenda.niteroi.rj.gov.br\/site\/wp-json\/wp\/v2\/posts\/25482","targetHints":{"allow":["GET"]}}],"collection":[{"href":"https:\/\/www.fazenda.niteroi.rj.gov.br\/site\/wp-json\/wp\/v2\/posts"}],"about":[{"href":"https:\/\/www.fazenda.niteroi.rj.gov.br\/site\/wp-json\/wp\/v2\/types\/post"}],"author":[{"embeddable":true,"href":"https:\/\/www.fazenda.niteroi.rj.gov.br\/site\/wp-json\/wp\/v2\/users\/4"}],"replies":[{"embeddable":true,"href":"https:\/\/www.fazenda.niteroi.rj.gov.br\/site\/wp-json\/wp\/v2\/comments?post=25482"}],"version-history":[{"count":2,"href":"https:\/\/www.fazenda.niteroi.rj.gov.br\/site\/wp-json\/wp\/v2\/posts\/25482\/revisions"}],"predecessor-version":[{"id":29502,"href":"https:\/\/www.fazenda.niteroi.rj.gov.br\/site\/wp-json\/wp\/v2\/posts\/25482\/revisions\/29502"}],"wp:attachment":[{"href":"https:\/\/www.fazenda.niteroi.rj.gov.br\/site\/wp-json\/wp\/v2\/media?parent=25482"}],"wp:term":[{"taxonomy":"category","embeddable":true,"href":"https:\/\/www.fazenda.niteroi.rj.gov.br\/site\/wp-json\/wp\/v2\/categories?post=25482"},{"taxonomy":"post_tag","embeddable":true,"href":"https:\/\/www.fazenda.niteroi.rj.gov.br\/site\/wp-json\/wp\/v2\/tags?post=25482"}],"curies":[{"name":"wp","href":"https:\/\/api.w.org\/{rel}","templated":true}]}}