{"id":25555,"date":"2024-01-23T16:06:46","date_gmt":"2024-01-23T19:06:46","guid":{"rendered":"https:\/\/www.fazenda.niteroi.rj.gov.br\/site\/?p=25555"},"modified":"2024-03-05T16:08:12","modified_gmt":"2024-03-05T19:08:12","slug":"14o-encontro-de-gestores","status":"publish","type":"post","link":"https:\/\/www.fazenda.niteroi.rj.gov.br\/site\/14o-encontro-de-gestores\/","title":{"rendered":"14\u00ba Encontro de Gestores"},"content":{"rendered":"\n<p>Dia de alinhamento e monitoramento das metas do munic\u00edpio! \ud83d\udcca\u270f\u2705<\/p>\n\n\n\n<p>O prefeito Axel Grael, secret\u00e1rios(as) e coordenadores(as) dos \u00f3rg\u00e3os e entidades municipais se reuniram, nesta ter\u00e7a-feira (23), para o 14 \u00ba Encontro de Gestores.<\/p>\n\n\n\n<p>Durante a reuni\u00e3o, os administradores municipais apresentaram o desenvolvimento dos projetos implementados, ao longo do ano, por cada secretaria municipal.<\/p>\n\n\n\n<p>O secret\u00e1rio de Fazenda, em exerc\u00edcio, Heitor Moreira apresentou dados detalhados sobre as atividades desenvolvidas na Secretaria de Fazenda, junto com an\u00e1lises do cen\u00e1rio econ\u00f4mico. Esta avalia\u00e7\u00e3o abordou metas j\u00e1 atingidas, consolidando-se como base para a pactua\u00e7\u00e3o de estrat\u00e9gias e a defini\u00e7\u00e3o de a\u00e7\u00f5es a serem implementadas em 2024.<\/p>\n\n\n\n<p>O Encontro de Gestores \u00e9 mais uma estrat\u00e9gia de integra\u00e7\u00e3o, reunindo trimestralmente o prefeito e os gestores municipais, sendo parte da metodologia de acompanhamento do Plano de Metas Anual.<\/p>\n","protected":false},"excerpt":{"rendered":"<p>Dia de alinhamento e monitoramento das metas do munic\u00edpio! \ud83d\udcca\u270f\u2705 O prefeito Axel Grael, secret\u00e1rios(as) e coordenadores(as) dos \u00f3rg\u00e3os e entidades municipais se reuniram, nesta ter\u00e7a-feira (23), para o 14 [&hellip;]<\/p>\n","protected":false},"author":38,"featured_media":25556,"comment_status":"closed","ping_status":"closed","sticky":false,"template":"","format":"standard","meta":{"_et_pb_use_builder":"","_et_pb_old_content":"","_et_gb_content_width":"","_usar_header_alternativo":false,"footnotes":""},"categories":[10],"tags":[],"class_list":["post-25555","post","type-post","status-publish","format-standard","has-post-thumbnail","hentry","category-noticias","et-has-post-format-content","et_post_format-et-post-format-standard"],"_links":{"self":[{"href":"https:\/\/www.fazenda.niteroi.rj.gov.br\/site\/wp-json\/wp\/v2\/posts\/25555","targetHints":{"allow":["GET"]}}],"collection":[{"href":"https:\/\/www.fazenda.niteroi.rj.gov.br\/site\/wp-json\/wp\/v2\/posts"}],"about":[{"href":"https:\/\/www.fazenda.niteroi.rj.gov.br\/site\/wp-json\/wp\/v2\/types\/post"}],"author":[{"embeddable":true,"href":"https:\/\/www.fazenda.niteroi.rj.gov.br\/site\/wp-json\/wp\/v2\/users\/38"}],"replies":[{"embeddable":true,"href":"https:\/\/www.fazenda.niteroi.rj.gov.br\/site\/wp-json\/wp\/v2\/comments?post=25555"}],"version-history":[{"count":1,"href":"https:\/\/www.fazenda.niteroi.rj.gov.br\/site\/wp-json\/wp\/v2\/posts\/25555\/revisions"}],"predecessor-version":[{"id":25557,"href":"https:\/\/www.fazenda.niteroi.rj.gov.br\/site\/wp-json\/wp\/v2\/posts\/25555\/revisions\/25557"}],"wp:featuredmedia":[{"embeddable":true,"href":"https:\/\/www.fazenda.niteroi.rj.gov.br\/site\/wp-json\/wp\/v2\/media\/25556"}],"wp:attachment":[{"href":"https:\/\/www.fazenda.niteroi.rj.gov.br\/site\/wp-json\/wp\/v2\/media?parent=25555"}],"wp:term":[{"taxonomy":"category","embeddable":true,"href":"https:\/\/www.fazenda.niteroi.rj.gov.br\/site\/wp-json\/wp\/v2\/categories?post=25555"},{"taxonomy":"post_tag","embeddable":true,"href":"https:\/\/www.fazenda.niteroi.rj.gov.br\/site\/wp-json\/wp\/v2\/tags?post=25555"}],"curies":[{"name":"wp","href":"https:\/\/api.w.org\/{rel}","templated":true}]}}