{"id":25586,"date":"2024-02-29T16:28:39","date_gmt":"2024-02-29T19:28:39","guid":{"rendered":"https:\/\/www.fazenda.niteroi.rj.gov.br\/site\/?p=25586"},"modified":"2024-03-05T16:30:10","modified_gmt":"2024-03-05T19:30:10","slug":"audiencia-publica","status":"publish","type":"post","link":"https:\/\/www.fazenda.niteroi.rj.gov.br\/site\/audiencia-publica\/","title":{"rendered":"Audi\u00eancia P\u00fablica"},"content":{"rendered":"\n<p>Audi\u00eancia P\u00fablica | A C\u00e2mara de Vereadores de Niter\u00f3i realizou, na manh\u00e3 desta quinta-feira (29), audi\u00eancia de Presta\u00e7\u00e3o de Contas, em conformidade com a Lei de Responsabilidade Fiscal. Foram apresentados os resultados do RGF &#8211; 3\u00ba Quad\/RREO &#8211; 6\u00ba Bimestre de 2023.<\/p>\n\n\n\n<p>A audi\u00eancia foi conduzida pelo presidente da Comiss\u00e3o de Fiscaliza\u00e7\u00e3o Financeira, Controle e Or\u00e7amento, vereador Fabiano Gon\u00e7alves. A presta\u00e7\u00e3o de contas foi apresentada pela Subsecret\u00e1ria de Contabilidade e Contadora Geral do Munic\u00edpio, Fernanda Rodrigues e pelo Diretor de Contabilidade, Thiago Oliveira, em audi\u00eancia com participa\u00e7\u00e3o do vereador Paulo Velasco, por representantes da sociedade civil e da equipe da Subsecretaria de Contabilidade da Fazenda.<\/p>\n\n\n\n<p>Niter\u00f3i apresenta resultados em conformidade com os ditames legais. A Lei de Responsabilidade Fiscal (LRF) estabelece que no m\u00ednimo 15% da receita l\u00edquida anual seja destinada \u00e0 Sa\u00fade e em 25% para a Educa\u00e7\u00e3o. A cidade encerra o per\u00edodo com percentual em 16,7% e 28,57%, respectivamente.<\/p>\n\n\n\n<p>Os relat\u00f3rios fiscais t\u00eam como objetivos a avalia\u00e7\u00e3o e controle do comportamento da receita; evolu\u00e7\u00e3o da despesa; controle de gastos com pessoal; d\u00edvida consolidada, opera\u00e7\u00f5es de cr\u00e9dito, aplica\u00e7\u00e3o em sa\u00fade e educa\u00e7\u00e3o.<\/p>\n\n\n\n<p>A arrecada\u00e7\u00e3o de receitas pr\u00f3prias alcan\u00e7ou 114,12% do previsto na Lei Or\u00e7ament\u00e1ria Anual (LOA). Os recursos transferidos do Estado e da Uni\u00e3o atingiram 100,61% do estimado no or\u00e7amento. Conforme estabelece a LRF, os munic\u00edpios t\u00eam que manter o seu endividamento em um montante equivalente a, no m\u00e1ximo, 120% de sua receita anual. Em Niter\u00f3i, esse percentual finalizou o per\u00edodo em \u201364,36% da Receita Corrente L\u00edquida (RCL), isso significa que os Haveres Financeiros s\u00e3o maiores que as d\u00edvidas.<\/p>\n\n\n\n<p>A Audi\u00eancia P\u00fablica foi transmitida ao vivo pela p\u00e1gina do Facebook da C\u00e2mara Municipal de Niter\u00f3i (https:\/\/www.facebook.com\/camaraniteroi)<\/p>\n\n\n\n<p>Todos os Relat\u00f3rios Fiscais est\u00e3o dispon\u00edveis \u00e0 popula\u00e7\u00e3o no portal da transpar\u00eancia do munic\u00edpio de Niter\u00f3i.<\/p>\n","protected":false},"excerpt":{"rendered":"<p>Audi\u00eancia P\u00fablica | A C\u00e2mara de Vereadores de Niter\u00f3i realizou, na manh\u00e3 desta quinta-feira (29), audi\u00eancia de Presta\u00e7\u00e3o de Contas, em conformidade com a Lei de Responsabilidade Fiscal. Foram apresentados [&hellip;]<\/p>\n","protected":false},"author":38,"featured_media":25587,"comment_status":"closed","ping_status":"closed","sticky":false,"template":"","format":"standard","meta":{"_et_pb_use_builder":"","_et_pb_old_content":"","_et_gb_content_width":"","_usar_header_alternativo":false,"footnotes":""},"categories":[10],"tags":[],"class_list":["post-25586","post","type-post","status-publish","format-standard","has-post-thumbnail","hentry","category-noticias","et-has-post-format-content","et_post_format-et-post-format-standard"],"_links":{"self":[{"href":"https:\/\/www.fazenda.niteroi.rj.gov.br\/site\/wp-json\/wp\/v2\/posts\/25586","targetHints":{"allow":["GET"]}}],"collection":[{"href":"https:\/\/www.fazenda.niteroi.rj.gov.br\/site\/wp-json\/wp\/v2\/posts"}],"about":[{"href":"https:\/\/www.fazenda.niteroi.rj.gov.br\/site\/wp-json\/wp\/v2\/types\/post"}],"author":[{"embeddable":true,"href":"https:\/\/www.fazenda.niteroi.rj.gov.br\/site\/wp-json\/wp\/v2\/users\/38"}],"replies":[{"embeddable":true,"href":"https:\/\/www.fazenda.niteroi.rj.gov.br\/site\/wp-json\/wp\/v2\/comments?post=25586"}],"version-history":[{"count":1,"href":"https:\/\/www.fazenda.niteroi.rj.gov.br\/site\/wp-json\/wp\/v2\/posts\/25586\/revisions"}],"predecessor-version":[{"id":25588,"href":"https:\/\/www.fazenda.niteroi.rj.gov.br\/site\/wp-json\/wp\/v2\/posts\/25586\/revisions\/25588"}],"wp:featuredmedia":[{"embeddable":true,"href":"https:\/\/www.fazenda.niteroi.rj.gov.br\/site\/wp-json\/wp\/v2\/media\/25587"}],"wp:attachment":[{"href":"https:\/\/www.fazenda.niteroi.rj.gov.br\/site\/wp-json\/wp\/v2\/media?parent=25586"}],"wp:term":[{"taxonomy":"category","embeddable":true,"href":"https:\/\/www.fazenda.niteroi.rj.gov.br\/site\/wp-json\/wp\/v2\/categories?post=25586"},{"taxonomy":"post_tag","embeddable":true,"href":"https:\/\/www.fazenda.niteroi.rj.gov.br\/site\/wp-json\/wp\/v2\/tags?post=25586"}],"curies":[{"name":"wp","href":"https:\/\/api.w.org\/{rel}","templated":true}]}}