{"id":25692,"date":"2024-03-12T11:09:10","date_gmt":"2024-03-12T14:09:10","guid":{"rendered":"https:\/\/www.fazenda.niteroi.rj.gov.br\/site\/?p=25692"},"modified":"2024-03-19T11:10:24","modified_gmt":"2024-03-19T14:10:24","slug":"cerimonia-de-posse-dos-contadores","status":"publish","type":"post","link":"https:\/\/www.fazenda.niteroi.rj.gov.br\/site\/cerimonia-de-posse-dos-contadores\/","title":{"rendered":"Cerim\u00f4nia de Posse dos Contadores"},"content":{"rendered":"\n<p>Foi realizada ontem (11), na Sala Nelson Pereira dos Santos, a Cerim\u00f4nia de Posse dos Novos Contadores da Secretaria Municipal de Fazenda.<\/p>\n\n\n\n<p>O evento contou com a presen\u00e7a da Secret\u00e1ria de Fazenda, Mar\u00edlia Ortiz, do Secret\u00e1rio de Fazenda em exerc\u00edcio, Heitor Moreira, do Secret\u00e1rio de Administra\u00e7\u00e3o, Luiz Vieira e da Subsecret\u00e1ria de Contabilidade, Fernanda Rodrigues.<\/p>\n\n\n\n<p>O evento simboliza a import\u00e2ncia da chegada dos novos servidores, que ter\u00e3o papel vital a desempenhar na SMF. A integra\u00e7\u00e3o dos contadores simboliza n\u00e3o s\u00f3 o compromisso da Prefeitura de Niter\u00f3i com a efici\u00eancia, mas tamb\u00e9m a valoriza\u00e7\u00e3o da profiss\u00e3o que \u00e9 o pilar de uma gest\u00e3o financeira e cont\u00e1bil transparente e \u00e9tica.<\/p>\n","protected":false},"excerpt":{"rendered":"<p>Foi realizada ontem (11), na Sala Nelson Pereira dos Santos, a Cerim\u00f4nia de Posse dos Novos Contadores da Secretaria Municipal de Fazenda. O evento contou com a presen\u00e7a da Secret\u00e1ria [&hellip;]<\/p>\n","protected":false},"author":38,"featured_media":25693,"comment_status":"closed","ping_status":"closed","sticky":false,"template":"","format":"standard","meta":{"_et_pb_use_builder":"","_et_pb_old_content":"","_et_gb_content_width":"","_usar_header_alternativo":false,"footnotes":""},"categories":[10],"tags":[],"class_list":["post-25692","post","type-post","status-publish","format-standard","has-post-thumbnail","hentry","category-noticias","et-has-post-format-content","et_post_format-et-post-format-standard"],"_links":{"self":[{"href":"https:\/\/www.fazenda.niteroi.rj.gov.br\/site\/wp-json\/wp\/v2\/posts\/25692","targetHints":{"allow":["GET"]}}],"collection":[{"href":"https:\/\/www.fazenda.niteroi.rj.gov.br\/site\/wp-json\/wp\/v2\/posts"}],"about":[{"href":"https:\/\/www.fazenda.niteroi.rj.gov.br\/site\/wp-json\/wp\/v2\/types\/post"}],"author":[{"embeddable":true,"href":"https:\/\/www.fazenda.niteroi.rj.gov.br\/site\/wp-json\/wp\/v2\/users\/38"}],"replies":[{"embeddable":true,"href":"https:\/\/www.fazenda.niteroi.rj.gov.br\/site\/wp-json\/wp\/v2\/comments?post=25692"}],"version-history":[{"count":1,"href":"https:\/\/www.fazenda.niteroi.rj.gov.br\/site\/wp-json\/wp\/v2\/posts\/25692\/revisions"}],"predecessor-version":[{"id":25694,"href":"https:\/\/www.fazenda.niteroi.rj.gov.br\/site\/wp-json\/wp\/v2\/posts\/25692\/revisions\/25694"}],"wp:featuredmedia":[{"embeddable":true,"href":"https:\/\/www.fazenda.niteroi.rj.gov.br\/site\/wp-json\/wp\/v2\/media\/25693"}],"wp:attachment":[{"href":"https:\/\/www.fazenda.niteroi.rj.gov.br\/site\/wp-json\/wp\/v2\/media?parent=25692"}],"wp:term":[{"taxonomy":"category","embeddable":true,"href":"https:\/\/www.fazenda.niteroi.rj.gov.br\/site\/wp-json\/wp\/v2\/categories?post=25692"},{"taxonomy":"post_tag","embeddable":true,"href":"https:\/\/www.fazenda.niteroi.rj.gov.br\/site\/wp-json\/wp\/v2\/tags?post=25692"}],"curies":[{"name":"wp","href":"https:\/\/api.w.org\/{rel}","templated":true}]}}