{"id":25801,"date":"2024-04-02T16:11:46","date_gmt":"2024-04-02T19:11:46","guid":{"rendered":"https:\/\/www.fazenda.niteroi.rj.gov.br\/site\/?p=25801"},"modified":"2024-04-02T16:12:19","modified_gmt":"2024-04-02T19:12:19","slug":"acordao-2701-2021","status":"publish","type":"post","link":"https:\/\/www.fazenda.niteroi.rj.gov.br\/site\/acordao-2701-2021\/","title":{"rendered":"Ac\u00f3rd\u00e3o 2701\/2021"},"content":{"rendered":"\n<p>1227\u00aa Sess\u00e3o Ordin\u00e1ria, de 13\/01\/2021<\/p>\n\n\n\n<p>Processo n\u00ba 030\/000255\/2019<\/p>\n\n\n\n<p>Recorrente: ALFANAVE TRANSPORTES MAR\u00cdTIMOS LTDA<\/p>\n\n\n\n<p>Ementa: \u201c<strong>ISS \u2013 Recurso volunt\u00e1rio e recurso de\u00a0of\u00edcio \u2013 Obriga\u00e7\u00e3o principal \u2013 Impugna\u00e7\u00e3o ao\u00a0lan\u00e7amento \u2013 Presta\u00e7\u00e3o de servi\u00e7os relacionados com\u00a0a explora\u00e7\u00e3o de petr\u00f3leo, g\u00e1s natural e de outros\u00a0recursos minerais (subitem 7.19) \u2013 Pagamento parcial\u00a0do cr\u00e9dito em per\u00edodo anterior ao lan\u00e7amento \u2013\u00a0Afretamento de embarca\u00e7\u00f5es \u2013 Lei n\u00ba 9.432\/97 \u2013\u00a0Jurisprud\u00eancia do Superior Tribunal de Justi\u00e7a que\u00a0n\u00e3o admite, para fins fiscais, a segrega\u00e7\u00e3o da parcela\u00a0de servi\u00e7os (obriga\u00e7\u00e3o de fazer) da parcela relativa ao\u00a0afretamento da embarca\u00e7\u00e3o (obriga\u00e7\u00e3o de dar) \u2013\u00a0Distinguishing \u2013 Afretamento da embarca\u00e7\u00e3o e\u00a0presta\u00e7\u00e3o de servi\u00e7os realizados por pessoas jur\u00eddicas\u00a0distintas \u2013 Servi\u00e7os de apoio prestados pela<\/strong> <strong>Recorrente que n\u00e3o podem ser considerados como\u00a0presta\u00e7\u00f5es-meio \u00e0 atividade de afretamento\u00a0desempenhada por terceiro \u2013 Atividades\u00a0desenvolvidas que escapam \u00e0 coisa julgada material\u00a0formada em mandado de seguran\u00e7a \u2013 Recursos\u00a0conhecidos e desprovidos<\/strong>.&#8221;<\/p>\n\n\n\n<p><a href=\"https:\/\/www.fazenda.niteroi.rj.gov.br\/site\/wp-content\/uploads\/2024\/04\/PA-00255.19-FLS.-802-A-853.pdf\"> Inteiro teor: Ac\u00f3rd\u00e3o n\u00ba 2701\/2021<\/a><\/p>\n","protected":false},"excerpt":{"rendered":"<p>ISS \u2013 Recurso volunt\u00e1rio e recurso de\u00a0of\u00edcio \u2013 Obriga\u00e7\u00e3o principal \u2013 Impugna\u00e7\u00e3o ao\u00a0lan\u00e7amento \u2013 Presta\u00e7\u00e3o de servi\u00e7os relacionados com\u00a0a explora\u00e7\u00e3o de petr\u00f3leo, g\u00e1s natural e de outros\u00a0recursos minerais (subitem 7.19) \u2013 Pagamento parcial\u00a0do cr\u00e9dito em per\u00edodo anterior ao lan\u00e7amento \u2013\u00a0Afretamento de embarca\u00e7\u00f5es \u2013 Lei n\u00ba 9.432\/97 \u2013\u00a0Jurisprud\u00eancia do Superior Tribunal de Justi\u00e7a que\u00a0n\u00e3o admite, para fins fiscais, a segrega\u00e7\u00e3o da parcela\u00a0de servi\u00e7os (obriga\u00e7\u00e3o de fazer) da parcela relativa ao\u00a0afretamento da embarca\u00e7\u00e3o (obriga\u00e7\u00e3o de dar) \u2013\u00a0Distinguishing \u2013 Afretamento da embarca\u00e7\u00e3o e\u00a0presta\u00e7\u00e3o de servi\u00e7os realizados por pessoas jur\u00eddicas\u00a0distintas \u2013 Servi\u00e7os de apoio prestados pela<br \/>\nRecorrente que n\u00e3o podem ser considerados como\u00a0presta\u00e7\u00f5es-meio \u00e0 atividade de afretamento\u00a0desempenhada por terceiro \u2013 Atividades\u00a0desenvolvidas que escapam \u00e0 coisa julgada material\u00a0formada em mandado de seguran\u00e7a \u2013 Recursos\u00a0conhecidos e desprovidos.&#8221;<\/p>\n","protected":false},"author":4,"featured_media":0,"comment_status":"closed","ping_status":"","sticky":false,"template":"","format":"standard","meta":{"_et_pb_use_builder":"","_et_pb_old_content":"","_et_gb_content_width":"","_usar_header_alternativo":false,"footnotes":""},"categories":[131,126],"tags":[],"class_list":["post-25801","post","type-post","status-publish","format-standard","hentry","category-acordaos","category-ccn","et-doesnt-have-format-content","et_post_format-et-post-format-standard"],"_links":{"self":[{"href":"https:\/\/www.fazenda.niteroi.rj.gov.br\/site\/wp-json\/wp\/v2\/posts\/25801","targetHints":{"allow":["GET"]}}],"collection":[{"href":"https:\/\/www.fazenda.niteroi.rj.gov.br\/site\/wp-json\/wp\/v2\/posts"}],"about":[{"href":"https:\/\/www.fazenda.niteroi.rj.gov.br\/site\/wp-json\/wp\/v2\/types\/post"}],"author":[{"embeddable":true,"href":"https:\/\/www.fazenda.niteroi.rj.gov.br\/site\/wp-json\/wp\/v2\/users\/4"}],"replies":[{"embeddable":true,"href":"https:\/\/www.fazenda.niteroi.rj.gov.br\/site\/wp-json\/wp\/v2\/comments?post=25801"}],"version-history":[{"count":3,"href":"https:\/\/www.fazenda.niteroi.rj.gov.br\/site\/wp-json\/wp\/v2\/posts\/25801\/revisions"}],"predecessor-version":[{"id":25805,"href":"https:\/\/www.fazenda.niteroi.rj.gov.br\/site\/wp-json\/wp\/v2\/posts\/25801\/revisions\/25805"}],"wp:attachment":[{"href":"https:\/\/www.fazenda.niteroi.rj.gov.br\/site\/wp-json\/wp\/v2\/media?parent=25801"}],"wp:term":[{"taxonomy":"category","embeddable":true,"href":"https:\/\/www.fazenda.niteroi.rj.gov.br\/site\/wp-json\/wp\/v2\/categories?post=25801"},{"taxonomy":"post_tag","embeddable":true,"href":"https:\/\/www.fazenda.niteroi.rj.gov.br\/site\/wp-json\/wp\/v2\/tags?post=25801"}],"curies":[{"name":"wp","href":"https:\/\/api.w.org\/{rel}","templated":true}]}}