{"id":25821,"date":"2024-04-02T09:44:55","date_gmt":"2024-04-02T12:44:55","guid":{"rendered":"https:\/\/www.fazenda.niteroi.rj.gov.br\/site\/?p=25821"},"modified":"2024-04-03T09:46:27","modified_gmt":"2024-04-03T12:46:27","slug":"cerimonia-de-inicio-de-operacao-da-dragagem-sao-lourenco","status":"publish","type":"post","link":"https:\/\/www.fazenda.niteroi.rj.gov.br\/site\/cerimonia-de-inicio-de-operacao-da-dragagem-sao-lourenco\/","title":{"rendered":"Cerim\u00f4nia de In\u00edcio de Opera\u00e7\u00e3o da Dragagem S\u00e3o Louren\u00e7o"},"content":{"rendered":"\n<p>Aconteceu hoje (02) a Cerim\u00f4nia de In\u00edcio da Opera\u00e7\u00e3o de Dragagem do Canal S\u00e3o Louren\u00e7o, localizado no Porto de Niter\u00f3i. O evento, que \u00e9 uma parceria entre o Governo Federal e a Prefeitura de Niter\u00f3i, contou com a participa\u00e7\u00e3o do Presidente da Rep\u00fablica, Luiz In\u00e1cio Lula da Silva, do Ministro dos Portos e Aeroportos, Silvio Costa Filho, do Prefeito de Niter\u00f3i, Axel Grael, do Secret\u00e1rio Executivo, Rodrigo Neves, entre outras autoridades.<\/p>\n\n\n\n<p>O prop\u00f3sito principal desta obra \u00e9 ampliar a capacidade portu\u00e1ria da cidade e facilitar o acesso \u00e0 infraestrutura aquavi\u00e1ria do Complexo Industrial e Portu\u00e1rio de Niter\u00f3i. As melhorias planejadas visam n\u00e3o apenas aumentar a efici\u00eancia operacional dos estaleiros, mas tamb\u00e9m estimular a constru\u00e7\u00e3o de novas embarca\u00e7\u00f5es e impulsionar o setor de reparos e atividades offshore.<\/p>\n\n\n\n<p>Ser\u00e3o R$138 milh\u00f5es em investimento na dragagem e uma expectativa em criar mais de 30 mil postos de trabalho e 20 mil empregos diretos e indiretos. Como consequ\u00eancia, a a\u00e7\u00e3o incentiva a retomada do protagonismo de Niter\u00f3i na ind\u00fastria naval e o est\u00edmulo das atividades relacionadas a economia do mar no munic\u00edpio.<\/p>\n\n\n\n<p>A t\u00e3o aguardada Dragagem do Canal S\u00e3o Louren\u00e7o, evidencia o compromisso com o progresso e bem-estar da cidade. Essa iniciativa reflete o comprometimento dessa gest\u00e3o em gerar novos empregos e fomentar a economia local.<\/p>\n","protected":false},"excerpt":{"rendered":"<p>Aconteceu hoje (02) a Cerim\u00f4nia de In\u00edcio da Opera\u00e7\u00e3o de Dragagem do Canal S\u00e3o Louren\u00e7o, localizado no Porto de Niter\u00f3i. O evento, que \u00e9 uma parceria entre o Governo Federal [&hellip;]<\/p>\n","protected":false},"author":38,"featured_media":25822,"comment_status":"closed","ping_status":"closed","sticky":false,"template":"","format":"standard","meta":{"_et_pb_use_builder":"","_et_pb_old_content":"","_et_gb_content_width":"","_usar_header_alternativo":false,"footnotes":""},"categories":[10],"tags":[],"class_list":["post-25821","post","type-post","status-publish","format-standard","has-post-thumbnail","hentry","category-noticias","et-has-post-format-content","et_post_format-et-post-format-standard"],"_links":{"self":[{"href":"https:\/\/www.fazenda.niteroi.rj.gov.br\/site\/wp-json\/wp\/v2\/posts\/25821","targetHints":{"allow":["GET"]}}],"collection":[{"href":"https:\/\/www.fazenda.niteroi.rj.gov.br\/site\/wp-json\/wp\/v2\/posts"}],"about":[{"href":"https:\/\/www.fazenda.niteroi.rj.gov.br\/site\/wp-json\/wp\/v2\/types\/post"}],"author":[{"embeddable":true,"href":"https:\/\/www.fazenda.niteroi.rj.gov.br\/site\/wp-json\/wp\/v2\/users\/38"}],"replies":[{"embeddable":true,"href":"https:\/\/www.fazenda.niteroi.rj.gov.br\/site\/wp-json\/wp\/v2\/comments?post=25821"}],"version-history":[{"count":1,"href":"https:\/\/www.fazenda.niteroi.rj.gov.br\/site\/wp-json\/wp\/v2\/posts\/25821\/revisions"}],"predecessor-version":[{"id":25823,"href":"https:\/\/www.fazenda.niteroi.rj.gov.br\/site\/wp-json\/wp\/v2\/posts\/25821\/revisions\/25823"}],"wp:featuredmedia":[{"embeddable":true,"href":"https:\/\/www.fazenda.niteroi.rj.gov.br\/site\/wp-json\/wp\/v2\/media\/25822"}],"wp:attachment":[{"href":"https:\/\/www.fazenda.niteroi.rj.gov.br\/site\/wp-json\/wp\/v2\/media?parent=25821"}],"wp:term":[{"taxonomy":"category","embeddable":true,"href":"https:\/\/www.fazenda.niteroi.rj.gov.br\/site\/wp-json\/wp\/v2\/categories?post=25821"},{"taxonomy":"post_tag","embeddable":true,"href":"https:\/\/www.fazenda.niteroi.rj.gov.br\/site\/wp-json\/wp\/v2\/tags?post=25821"}],"curies":[{"name":"wp","href":"https:\/\/api.w.org\/{rel}","templated":true}]}}