{"id":26014,"date":"2024-04-25T12:09:44","date_gmt":"2024-04-25T15:09:44","guid":{"rendered":"https:\/\/www.fazenda.niteroi.rj.gov.br\/site\/?p=26014"},"modified":"2024-04-25T12:10:06","modified_gmt":"2024-04-25T15:10:06","slug":"acordao-no-2507-2020-2","status":"publish","type":"post","link":"https:\/\/www.fazenda.niteroi.rj.gov.br\/site\/acordao-no-2507-2020-2\/","title":{"rendered":"Ac\u00f3rd\u00e3o n\u00ba 2507\/2020"},"content":{"rendered":"\n<ul class=\"wp-block-list\">\n<li>1169\u00aa Sess\u00e3o Ordin\u00e1ria, de 22\/01\/2020<\/li>\n\n\n\n<li>Processo: 030\/020021\/2016<\/li>\n\n\n\n<li>Recorrente: CLAVA IM\u00d3VEIS ADMINSTRA\u00c7\u00c3O E VENDAS LTDA<\/li>\n\n\n\n<li><strong>\u201cEmenta: ISSQN \u2013 RECURSO DE OF\u00cdCIO \u2013 DECIS\u00c3O QUE SE MANT\u00c9M FACE DOCUMENTA\u00c7\u00c3O COMPROBAT\u00d3RIA DO RECONHECIMENTO. PELO N\u00c3O PROVIMENTO\u201d.<\/strong><\/li>\n<\/ul>\n\n\n\n<ul class=\"wp-block-list\">\n<li>Inteiro teor:<a href=\"https:\/\/www.fazenda.niteroi.rj.gov.br\/site\/wp-content\/uploads\/2024\/04\/PA-020021.16-FISICO.pdf\"> Ac\u00f3rd\u00e3o 2507\/2020<\/a><\/li>\n<\/ul>\n","protected":false},"excerpt":{"rendered":"<p> ISSQN \u2013 RECURSO DE OF\u00cdCIO \u2013 DECIS\u00c3O QUE SE MANT\u00c9M FACE DOCUMENTA\u00c7\u00c3O COMPROBAT\u00d3RIA DO RECONHECIMENTO. PELO N\u00c3O PROVIMENTO\u201d.<\/p>\n","protected":false},"author":4,"featured_media":0,"comment_status":"closed","ping_status":"closed","sticky":false,"template":"","format":"standard","meta":{"_et_pb_use_builder":"","_et_pb_old_content":"","_et_gb_content_width":"","_usar_header_alternativo":false,"footnotes":""},"categories":[131,126],"tags":[],"class_list":["post-26014","post","type-post","status-publish","format-standard","hentry","category-acordaos","category-ccn","et-doesnt-have-format-content","et_post_format-et-post-format-standard"],"_links":{"self":[{"href":"https:\/\/www.fazenda.niteroi.rj.gov.br\/site\/wp-json\/wp\/v2\/posts\/26014","targetHints":{"allow":["GET"]}}],"collection":[{"href":"https:\/\/www.fazenda.niteroi.rj.gov.br\/site\/wp-json\/wp\/v2\/posts"}],"about":[{"href":"https:\/\/www.fazenda.niteroi.rj.gov.br\/site\/wp-json\/wp\/v2\/types\/post"}],"author":[{"embeddable":true,"href":"https:\/\/www.fazenda.niteroi.rj.gov.br\/site\/wp-json\/wp\/v2\/users\/4"}],"replies":[{"embeddable":true,"href":"https:\/\/www.fazenda.niteroi.rj.gov.br\/site\/wp-json\/wp\/v2\/comments?post=26014"}],"version-history":[{"count":1,"href":"https:\/\/www.fazenda.niteroi.rj.gov.br\/site\/wp-json\/wp\/v2\/posts\/26014\/revisions"}],"predecessor-version":[{"id":26016,"href":"https:\/\/www.fazenda.niteroi.rj.gov.br\/site\/wp-json\/wp\/v2\/posts\/26014\/revisions\/26016"}],"wp:attachment":[{"href":"https:\/\/www.fazenda.niteroi.rj.gov.br\/site\/wp-json\/wp\/v2\/media?parent=26014"}],"wp:term":[{"taxonomy":"category","embeddable":true,"href":"https:\/\/www.fazenda.niteroi.rj.gov.br\/site\/wp-json\/wp\/v2\/categories?post=26014"},{"taxonomy":"post_tag","embeddable":true,"href":"https:\/\/www.fazenda.niteroi.rj.gov.br\/site\/wp-json\/wp\/v2\/tags?post=26014"}],"curies":[{"name":"wp","href":"https:\/\/api.w.org\/{rel}","templated":true}]}}