{"id":26212,"date":"2024-04-25T16:53:56","date_gmt":"2024-04-25T19:53:56","guid":{"rendered":"https:\/\/www.fazenda.niteroi.rj.gov.br\/site\/?p=26212"},"modified":"2024-04-25T16:54:18","modified_gmt":"2024-04-25T19:54:18","slug":"acordao-no-2569-2020","status":"publish","type":"post","link":"https:\/\/www.fazenda.niteroi.rj.gov.br\/site\/acordao-no-2569-2020\/","title":{"rendered":"Ac\u00f3rd\u00e3o n\u00ba 2569\/2020"},"content":{"rendered":"\n<ul class=\"wp-block-list\">\n<li>1190\u00aa Sess\u00e3o Ordin\u00e1ria, de 03\/08\/2020<\/li>\n\n\n\n<li>Processo: 030\/028342\/2018<\/li>\n\n\n\n<li>Recorrente: CLAUDIO JOS\u00c9 A. DE REZENDE<\/li>\n\n\n\n<li><strong>\u201cEmenta: IPTU &#8211; RECURSO VOLUNT\u00c1RIO &#8211; OBRIGA\u00c7\u00c3O PRINCIPAL \u2013 LAN\u00c7AMENTO COMPLEMENTAR \u2013 LAN\u00c7AMENTO DE OF\u00cdCIO\u2013 MODIFICA\u00c7\u00c3O DO TIPO DE USO DO IM\u00d3VEL \u2013 RESID\u00caNCIAL PARA N\u00c3O RESIDENCIAL &#8211; ERRO DE FATO E ERRO DE DIREITO \u2013 INTEMPESTIVIDADE DA IMPUGNA\u00c7\u00c3O\u2013 RECURSO VOLUNT\u00c1RIO CONHECIDO E N\u00c3O PROVIDO\u201d.<\/strong><\/li>\n\n\n\n<li>Inteiro teor<a href=\"https:\/\/www.fazenda.niteroi.rj.gov.br\/site\/wp-content\/uploads\/2024\/04\/PA-028342.18-FLS.-91-A-107.pdf\">: Ac\u00f3rd\u00e3o 2569\/2020<\/a><\/li>\n<\/ul>\n","protected":false},"excerpt":{"rendered":"<p> IPTU &#8211; RECURSO VOLUNT\u00c1RIO &#8211; OBRIGA\u00c7\u00c3O PRINCIPAL \u2013 LAN\u00c7AMENTO COMPLEMENTAR \u2013 LAN\u00c7AMENTO DE OF\u00cdCIO\u2013 MODIFICA\u00c7\u00c3O DO TIPO DE USO DO IM\u00d3VEL \u2013 RESID\u00caNCIAL PARA N\u00c3O RESIDENCIAL &#8211; ERRO DE FATO E ERRO DE DIREITO \u2013 INTEMPESTIVIDADE DA IMPUGNA\u00c7\u00c3O\u2013 RECURSO VOLUNT\u00c1RIO CONHECIDO E N\u00c3O PROVIDO\u201d.<\/p>\n","protected":false},"author":4,"featured_media":0,"comment_status":"closed","ping_status":"closed","sticky":false,"template":"","format":"standard","meta":{"_et_pb_use_builder":"","_et_pb_old_content":"","_et_gb_content_width":"","_usar_header_alternativo":false,"footnotes":""},"categories":[131,126],"tags":[],"class_list":["post-26212","post","type-post","status-publish","format-standard","hentry","category-acordaos","category-ccn","et-doesnt-have-format-content","et_post_format-et-post-format-standard"],"_links":{"self":[{"href":"https:\/\/www.fazenda.niteroi.rj.gov.br\/site\/wp-json\/wp\/v2\/posts\/26212","targetHints":{"allow":["GET"]}}],"collection":[{"href":"https:\/\/www.fazenda.niteroi.rj.gov.br\/site\/wp-json\/wp\/v2\/posts"}],"about":[{"href":"https:\/\/www.fazenda.niteroi.rj.gov.br\/site\/wp-json\/wp\/v2\/types\/post"}],"author":[{"embeddable":true,"href":"https:\/\/www.fazenda.niteroi.rj.gov.br\/site\/wp-json\/wp\/v2\/users\/4"}],"replies":[{"embeddable":true,"href":"https:\/\/www.fazenda.niteroi.rj.gov.br\/site\/wp-json\/wp\/v2\/comments?post=26212"}],"version-history":[{"count":1,"href":"https:\/\/www.fazenda.niteroi.rj.gov.br\/site\/wp-json\/wp\/v2\/posts\/26212\/revisions"}],"predecessor-version":[{"id":26214,"href":"https:\/\/www.fazenda.niteroi.rj.gov.br\/site\/wp-json\/wp\/v2\/posts\/26212\/revisions\/26214"}],"wp:attachment":[{"href":"https:\/\/www.fazenda.niteroi.rj.gov.br\/site\/wp-json\/wp\/v2\/media?parent=26212"}],"wp:term":[{"taxonomy":"category","embeddable":true,"href":"https:\/\/www.fazenda.niteroi.rj.gov.br\/site\/wp-json\/wp\/v2\/categories?post=26212"},{"taxonomy":"post_tag","embeddable":true,"href":"https:\/\/www.fazenda.niteroi.rj.gov.br\/site\/wp-json\/wp\/v2\/tags?post=26212"}],"curies":[{"name":"wp","href":"https:\/\/api.w.org\/{rel}","templated":true}]}}