{"id":26218,"date":"2024-04-25T16:58:21","date_gmt":"2024-04-25T19:58:21","guid":{"rendered":"https:\/\/www.fazenda.niteroi.rj.gov.br\/site\/?p=26218"},"modified":"2024-04-25T16:58:46","modified_gmt":"2024-04-25T19:58:46","slug":"acordao-no-2571-2020","status":"publish","type":"post","link":"https:\/\/www.fazenda.niteroi.rj.gov.br\/site\/acordao-no-2571-2020\/","title":{"rendered":"Ac\u00f3rd\u00e3o n\u00ba 2571\/2020"},"content":{"rendered":"\n<ul class=\"wp-block-list\">\n<li>1190\u00aa Sess\u00e3o Ordin\u00e1ria, de 03\/08\/2020<\/li>\n\n\n\n<li>Processo: 030\/024000\/2019<\/li>\n\n\n\n<li>Recorrente: DUNKIRK EMPREENDIMENTOS E PARTICIPA\u00c7\u00d5ES LTDA<\/li>\n\n\n\n<li><strong>\u201cEmenta: <\/strong>&#8220;<strong>ITBI \u2013 Recurso volunt\u00e1rio \u2013 Obriga\u00e7\u00e3o principal \u2013 Revis\u00e3o de lan\u00e7amento \u2013 Diverg\u00eancia quanto ao valor venal do bem im\u00f3vel objeto de aliena\u00e7\u00e3o \u2013 Laudo de avalia\u00e7\u00e3o elaborado pela Fiscaliza\u00e7\u00e3o com base no M\u00e9todo Evolutivo combinado com o M\u00e9todo Comparativo Direito de Dados de Mercado e o M\u00e9todo de Quantifica\u00e7\u00e3o de Custos \u2013 Laudos apresentados pelo Recorrente que n\u00e3o s\u00e3o capazes de afastar a legitimidade do ato administrativo \u2013 Aus\u00eancia de impugna\u00e7\u00e3o espec\u00edfica da prova t\u00e9cnica produzida pela Fiscaliza\u00e7\u00e3o \u2013 Recurso conhecido e desprovido&#8221;<\/strong>.<\/li>\n\n\n\n<li>Inteiro teor: <a href=\"https:\/\/www.fazenda.niteroi.rj.gov.br\/site\/wp-content\/uploads\/2024\/04\/PA-024000.19-FLS.-106-A-131.pdf\">Ac\u00f3rd\u00e3o 2571\/2020<\/a><\/li>\n<\/ul>\n","protected":false},"excerpt":{"rendered":"<p> &#8220;ITBI \u2013 Recurso volunt\u00e1rio \u2013 Obriga\u00e7\u00e3o principal \u2013 Revis\u00e3o de lan\u00e7amento \u2013 Diverg\u00eancia quanto ao valor venal do bem im\u00f3vel objeto de aliena\u00e7\u00e3o \u2013 Laudo de avalia\u00e7\u00e3o elaborado pela Fiscaliza\u00e7\u00e3o com base no M\u00e9todo Evolutivo combinado com o M\u00e9todo Comparativo Direito de Dados de Mercado e o M\u00e9todo de Quantifica\u00e7\u00e3o de Custos \u2013 Laudos apresentados pelo Recorrente que n\u00e3o s\u00e3o capazes de afastar a legitimidade do ato administrativo \u2013 Aus\u00eancia de impugna\u00e7\u00e3o espec\u00edfica da prova t\u00e9cnica produzida pela Fiscaliza\u00e7\u00e3o \u2013 Recurso conhecido e desprovido&#8221;.<\/p>\n","protected":false},"author":4,"featured_media":0,"comment_status":"closed","ping_status":"closed","sticky":false,"template":"","format":"standard","meta":{"_et_pb_use_builder":"","_et_pb_old_content":"","_et_gb_content_width":"","_usar_header_alternativo":false,"footnotes":""},"categories":[131,126],"tags":[],"class_list":["post-26218","post","type-post","status-publish","format-standard","hentry","category-acordaos","category-ccn","et-doesnt-have-format-content","et_post_format-et-post-format-standard"],"_links":{"self":[{"href":"https:\/\/www.fazenda.niteroi.rj.gov.br\/site\/wp-json\/wp\/v2\/posts\/26218","targetHints":{"allow":["GET"]}}],"collection":[{"href":"https:\/\/www.fazenda.niteroi.rj.gov.br\/site\/wp-json\/wp\/v2\/posts"}],"about":[{"href":"https:\/\/www.fazenda.niteroi.rj.gov.br\/site\/wp-json\/wp\/v2\/types\/post"}],"author":[{"embeddable":true,"href":"https:\/\/www.fazenda.niteroi.rj.gov.br\/site\/wp-json\/wp\/v2\/users\/4"}],"replies":[{"embeddable":true,"href":"https:\/\/www.fazenda.niteroi.rj.gov.br\/site\/wp-json\/wp\/v2\/comments?post=26218"}],"version-history":[{"count":1,"href":"https:\/\/www.fazenda.niteroi.rj.gov.br\/site\/wp-json\/wp\/v2\/posts\/26218\/revisions"}],"predecessor-version":[{"id":26220,"href":"https:\/\/www.fazenda.niteroi.rj.gov.br\/site\/wp-json\/wp\/v2\/posts\/26218\/revisions\/26220"}],"wp:attachment":[{"href":"https:\/\/www.fazenda.niteroi.rj.gov.br\/site\/wp-json\/wp\/v2\/media?parent=26218"}],"wp:term":[{"taxonomy":"category","embeddable":true,"href":"https:\/\/www.fazenda.niteroi.rj.gov.br\/site\/wp-json\/wp\/v2\/categories?post=26218"},{"taxonomy":"post_tag","embeddable":true,"href":"https:\/\/www.fazenda.niteroi.rj.gov.br\/site\/wp-json\/wp\/v2\/tags?post=26218"}],"curies":[{"name":"wp","href":"https:\/\/api.w.org\/{rel}","templated":true}]}}