{"id":26406,"date":"2024-04-26T12:50:43","date_gmt":"2024-04-26T15:50:43","guid":{"rendered":"https:\/\/www.fazenda.niteroi.rj.gov.br\/site\/?p=26406"},"modified":"2024-04-26T12:51:22","modified_gmt":"2024-04-26T15:51:22","slug":"acordao-no-2622-2020","status":"publish","type":"post","link":"https:\/\/www.fazenda.niteroi.rj.gov.br\/site\/acordao-no-2622-2020\/","title":{"rendered":"Ac\u00f3rd\u00e3o n\u00ba 2622\/2020"},"content":{"rendered":"\n<ul class=\"wp-block-list\">\n<li>1202\u00aa Sess\u00e3o Ordin\u00e1ria, de 24\/08\/2020<\/li>\n\n\n\n<li>Processo: 030\/028354\/2018<\/li>\n\n\n\n<li>Recorrente: PL\u00cdNIO CONTE LEITE BITTENCOUT<\/li>\n\n\n\n<li><strong>\u201cEmenta: <\/strong><strong>IPTU. Lan\u00e7amento complementar. Recurso volunt\u00e1rio. Apresenta\u00e7\u00e3o da impugna\u00e7\u00e3o ap\u00f3s trinta e oito dias contados do<\/strong>&nbsp;<strong>primeiro dia \u00fatil seguinte ao de ocorr\u00eancia da notifica\u00e7\u00e3o. Intempestividade. Recurso conhecido e n\u00e3o provido\u201d.<\/strong><\/li>\n\n\n\n<li>Inteiro teor:<a href=\"https:\/\/www.fazenda.niteroi.rj.gov.br\/site\/wp-content\/uploads\/2024\/04\/PA-028354.18-FLS.70-A-91.pdf\"> Ac\u00f3rd\u00e3o 2622\/2020<\/a><\/li>\n<\/ul>\n","protected":false},"excerpt":{"rendered":"<p>IPTU. Lan\u00e7amento complementar. Recurso volunt\u00e1rio. Apresenta\u00e7\u00e3o da impugna\u00e7\u00e3o ap\u00f3s trinta e oito dias contados do\u00a0primeiro dia \u00fatil seguinte ao de ocorr\u00eancia da notifica\u00e7\u00e3o. Intempestividade. Recurso conhecido e n\u00e3o provido\u201d.<\/p>\n","protected":false},"author":4,"featured_media":0,"comment_status":"closed","ping_status":"closed","sticky":false,"template":"","format":"standard","meta":{"_et_pb_use_builder":"","_et_pb_old_content":"","_et_gb_content_width":"","_usar_header_alternativo":false,"footnotes":""},"categories":[131,126],"tags":[],"class_list":["post-26406","post","type-post","status-publish","format-standard","hentry","category-acordaos","category-ccn","et-doesnt-have-format-content","et_post_format-et-post-format-standard"],"_links":{"self":[{"href":"https:\/\/www.fazenda.niteroi.rj.gov.br\/site\/wp-json\/wp\/v2\/posts\/26406","targetHints":{"allow":["GET"]}}],"collection":[{"href":"https:\/\/www.fazenda.niteroi.rj.gov.br\/site\/wp-json\/wp\/v2\/posts"}],"about":[{"href":"https:\/\/www.fazenda.niteroi.rj.gov.br\/site\/wp-json\/wp\/v2\/types\/post"}],"author":[{"embeddable":true,"href":"https:\/\/www.fazenda.niteroi.rj.gov.br\/site\/wp-json\/wp\/v2\/users\/4"}],"replies":[{"embeddable":true,"href":"https:\/\/www.fazenda.niteroi.rj.gov.br\/site\/wp-json\/wp\/v2\/comments?post=26406"}],"version-history":[{"count":1,"href":"https:\/\/www.fazenda.niteroi.rj.gov.br\/site\/wp-json\/wp\/v2\/posts\/26406\/revisions"}],"predecessor-version":[{"id":26408,"href":"https:\/\/www.fazenda.niteroi.rj.gov.br\/site\/wp-json\/wp\/v2\/posts\/26406\/revisions\/26408"}],"wp:attachment":[{"href":"https:\/\/www.fazenda.niteroi.rj.gov.br\/site\/wp-json\/wp\/v2\/media?parent=26406"}],"wp:term":[{"taxonomy":"category","embeddable":true,"href":"https:\/\/www.fazenda.niteroi.rj.gov.br\/site\/wp-json\/wp\/v2\/categories?post=26406"},{"taxonomy":"post_tag","embeddable":true,"href":"https:\/\/www.fazenda.niteroi.rj.gov.br\/site\/wp-json\/wp\/v2\/tags?post=26406"}],"curies":[{"name":"wp","href":"https:\/\/api.w.org\/{rel}","templated":true}]}}