{"id":26427,"date":"2024-04-26T13:16:55","date_gmt":"2024-04-26T16:16:55","guid":{"rendered":"https:\/\/www.fazenda.niteroi.rj.gov.br\/site\/?p=26427"},"modified":"2024-04-26T13:17:31","modified_gmt":"2024-04-26T16:17:31","slug":"acordao-no-2629-2020","status":"publish","type":"post","link":"https:\/\/www.fazenda.niteroi.rj.gov.br\/site\/acordao-no-2629-2020\/","title":{"rendered":"Ac\u00f3rd\u00e3o n\u00ba 2629\/2020"},"content":{"rendered":"\n<ul class=\"wp-block-list\">\n<li>1204\u00aa Sess\u00e3o Ordin\u00e1ria, de 31\/08\/2020<\/li>\n\n\n\n<li>Processo: 030\/027176\/2019<\/li>\n\n\n\n<li>Recorrente: SOLANGE SILVEIRA AMORIM<\/li>\n\n\n\n<li><strong>\u201cEmenta: <\/strong><strong>ITBI. REVIS\u00c3O DE LAN\u00c7AMENTO \u2013 A n\u00e3o interposi\u00e7\u00e3o de Recurso volunt\u00e1rio a decis\u00e3o do \u00f3rg\u00e3o fiscalizador que acolheu em parte a impugna\u00e7\u00e3o oferecida reduzindo o valor arbitrado para o im\u00f3vel objeto da impugna\u00e7\u00e3o se traduz em concord\u00e2ncia com o novo valor fixado. Recurso de of\u00edcio que se nega provimento.\u201d<\/strong><\/li>\n\n\n\n<li>Inteiro teor: <a href=\"https:\/\/www.fazenda.niteroi.rj.gov.br\/site\/wp-content\/uploads\/2024\/04\/PA-027176.19-FLS.-26-A-40.pdf\">Ac\u00f3rd\u00e3o 2629\/2020<\/a><\/li>\n<\/ul>\n","protected":false},"excerpt":{"rendered":"<p> ITBI. REVIS\u00c3O DE LAN\u00c7AMENTO \u2013 A n\u00e3o interposi\u00e7\u00e3o de Recurso volunt\u00e1rio a decis\u00e3o do \u00f3rg\u00e3o fiscalizador que acolheu em parte a impugna\u00e7\u00e3o oferecida reduzindo o valor arbitrado para o im\u00f3vel objeto da impugna\u00e7\u00e3o se traduz em concord\u00e2ncia com o novo valor fixado. Recurso de of\u00edcio que se nega provimento.\u201d<\/p>\n","protected":false},"author":4,"featured_media":0,"comment_status":"closed","ping_status":"closed","sticky":false,"template":"","format":"standard","meta":{"_et_pb_use_builder":"","_et_pb_old_content":"","_et_gb_content_width":"","_usar_header_alternativo":false,"footnotes":""},"categories":[131,126],"tags":[],"class_list":["post-26427","post","type-post","status-publish","format-standard","hentry","category-acordaos","category-ccn","et-doesnt-have-format-content","et_post_format-et-post-format-standard"],"_links":{"self":[{"href":"https:\/\/www.fazenda.niteroi.rj.gov.br\/site\/wp-json\/wp\/v2\/posts\/26427","targetHints":{"allow":["GET"]}}],"collection":[{"href":"https:\/\/www.fazenda.niteroi.rj.gov.br\/site\/wp-json\/wp\/v2\/posts"}],"about":[{"href":"https:\/\/www.fazenda.niteroi.rj.gov.br\/site\/wp-json\/wp\/v2\/types\/post"}],"author":[{"embeddable":true,"href":"https:\/\/www.fazenda.niteroi.rj.gov.br\/site\/wp-json\/wp\/v2\/users\/4"}],"replies":[{"embeddable":true,"href":"https:\/\/www.fazenda.niteroi.rj.gov.br\/site\/wp-json\/wp\/v2\/comments?post=26427"}],"version-history":[{"count":1,"href":"https:\/\/www.fazenda.niteroi.rj.gov.br\/site\/wp-json\/wp\/v2\/posts\/26427\/revisions"}],"predecessor-version":[{"id":26429,"href":"https:\/\/www.fazenda.niteroi.rj.gov.br\/site\/wp-json\/wp\/v2\/posts\/26427\/revisions\/26429"}],"wp:attachment":[{"href":"https:\/\/www.fazenda.niteroi.rj.gov.br\/site\/wp-json\/wp\/v2\/media?parent=26427"}],"wp:term":[{"taxonomy":"category","embeddable":true,"href":"https:\/\/www.fazenda.niteroi.rj.gov.br\/site\/wp-json\/wp\/v2\/categories?post=26427"},{"taxonomy":"post_tag","embeddable":true,"href":"https:\/\/www.fazenda.niteroi.rj.gov.br\/site\/wp-json\/wp\/v2\/tags?post=26427"}],"curies":[{"name":"wp","href":"https:\/\/api.w.org\/{rel}","templated":true}]}}