{"id":26450,"date":"2024-04-26T14:54:12","date_gmt":"2024-04-26T17:54:12","guid":{"rendered":"https:\/\/www.fazenda.niteroi.rj.gov.br\/site\/?p=26450"},"modified":"2024-04-26T14:54:47","modified_gmt":"2024-04-26T17:54:47","slug":"acordao-no-2631-2020","status":"publish","type":"post","link":"https:\/\/www.fazenda.niteroi.rj.gov.br\/site\/acordao-no-2631-2020\/","title":{"rendered":"Ac\u00f3rd\u00e3o n\u00ba 2631\/2020"},"content":{"rendered":"\n<ul class=\"wp-block-list\">\n<li>1205\u00aa Sess\u00e3o Ordin\u00e1ria, de 31\/08\/2020<\/li>\n\n\n\n<li>Processo: 030\/021768\/2019<\/li>\n\n\n\n<li>Recorrente: ANT\u00d4NIO MANNARINO<\/li>\n\n\n\n<li><strong>\u201cEmenta: <\/strong><strong>IPTU \u2013 Recurso de of\u00edcio \u2013 Impugna\u00e7\u00e3o de lan\u00e7amento \u2013 Intempestividade \u2013 Art. 63, \u00a72\u00ba do PAT \u2013 Impossibilidade de an\u00e1lise do m\u00e9rito \u2013 Veda\u00e7\u00e3o que se estende \u00e0s mat\u00e9rias de ordem p\u00fablica \u2013 Erro no procedimento \u2013 Provimento do recurso para reformar a decis\u00e3o de primeira inst\u00e2ncia\u201d.<\/strong><\/li>\n\n\n\n<li>Inteiro teor: <a href=\"https:\/\/www.fazenda.niteroi.rj.gov.br\/site\/wp-content\/uploads\/2024\/04\/PA-021768.19-FLS.-46-A-65.pdf\">Ac\u00f3rd\u00e3o 2631\/2020<\/a><\/li>\n<\/ul>\n","protected":false},"excerpt":{"rendered":"<p> IPTU \u2013 Recurso de of\u00edcio \u2013 Impugna\u00e7\u00e3o de lan\u00e7amento \u2013 Intempestividade \u2013 Art. 63, \u00a72\u00ba do PAT \u2013 Impossibilidade de an\u00e1lise do m\u00e9rito \u2013 Veda\u00e7\u00e3o que se estende \u00e0s mat\u00e9rias de ordem p\u00fablica \u2013 Erro no procedimento \u2013 Provimento do recurso para reformar a decis\u00e3o de primeira inst\u00e2ncia<\/p>\n","protected":false},"author":4,"featured_media":0,"comment_status":"closed","ping_status":"closed","sticky":false,"template":"","format":"standard","meta":{"_et_pb_use_builder":"","_et_pb_old_content":"","_et_gb_content_width":"","_usar_header_alternativo":false,"footnotes":""},"categories":[131,126],"tags":[],"class_list":["post-26450","post","type-post","status-publish","format-standard","hentry","category-acordaos","category-ccn","et-doesnt-have-format-content","et_post_format-et-post-format-standard"],"_links":{"self":[{"href":"https:\/\/www.fazenda.niteroi.rj.gov.br\/site\/wp-json\/wp\/v2\/posts\/26450","targetHints":{"allow":["GET"]}}],"collection":[{"href":"https:\/\/www.fazenda.niteroi.rj.gov.br\/site\/wp-json\/wp\/v2\/posts"}],"about":[{"href":"https:\/\/www.fazenda.niteroi.rj.gov.br\/site\/wp-json\/wp\/v2\/types\/post"}],"author":[{"embeddable":true,"href":"https:\/\/www.fazenda.niteroi.rj.gov.br\/site\/wp-json\/wp\/v2\/users\/4"}],"replies":[{"embeddable":true,"href":"https:\/\/www.fazenda.niteroi.rj.gov.br\/site\/wp-json\/wp\/v2\/comments?post=26450"}],"version-history":[{"count":1,"href":"https:\/\/www.fazenda.niteroi.rj.gov.br\/site\/wp-json\/wp\/v2\/posts\/26450\/revisions"}],"predecessor-version":[{"id":26452,"href":"https:\/\/www.fazenda.niteroi.rj.gov.br\/site\/wp-json\/wp\/v2\/posts\/26450\/revisions\/26452"}],"wp:attachment":[{"href":"https:\/\/www.fazenda.niteroi.rj.gov.br\/site\/wp-json\/wp\/v2\/media?parent=26450"}],"wp:term":[{"taxonomy":"category","embeddable":true,"href":"https:\/\/www.fazenda.niteroi.rj.gov.br\/site\/wp-json\/wp\/v2\/categories?post=26450"},{"taxonomy":"post_tag","embeddable":true,"href":"https:\/\/www.fazenda.niteroi.rj.gov.br\/site\/wp-json\/wp\/v2\/tags?post=26450"}],"curies":[{"name":"wp","href":"https:\/\/api.w.org\/{rel}","templated":true}]}}