{"id":26453,"date":"2024-04-26T14:56:58","date_gmt":"2024-04-26T17:56:58","guid":{"rendered":"https:\/\/www.fazenda.niteroi.rj.gov.br\/site\/?p=26453"},"modified":"2024-04-26T14:57:44","modified_gmt":"2024-04-26T17:57:44","slug":"acordao-no-2632-2020","status":"publish","type":"post","link":"https:\/\/www.fazenda.niteroi.rj.gov.br\/site\/acordao-no-2632-2020\/","title":{"rendered":"Ac\u00f3rd\u00e3o n\u00ba 2632\/2020"},"content":{"rendered":"\n<ul class=\"wp-block-list\">\n<li>1205\u00aa Sess\u00e3o Ordin\u00e1ria, de 31\/08\/2020<\/li>\n\n\n\n<li>Processo: 030\/017820\/2018<\/li>\n\n\n\n<li>Recorrente: MARCOS VINICIUS DA SILVA LYRIO<\/li>\n\n\n\n<li><strong>\u201cEmenta: <\/strong><strong>IPTU. Revis\u00e3o de dados cadastrais. Discord\u00e2ncia entre o sujeito passivo e o Fisco em rela\u00e7\u00e3o aos fatos que motivaram a altera\u00e7\u00e3o cadastral. Compet\u00eancia privativa do Coordenador do IPTU para decidir a controv\u00e9rsia em primeira inst\u00e2ncia. V\u00edcio de compet\u00eancia na decis\u00e3o do Coordenador de Tributa\u00e7\u00e3o. Recurso de of\u00edcio conhecido e provido, devendo o processo ser remetido \u00e0 CIPTU para julgamento.\u201d<\/strong><strong><\/strong><\/li>\n<\/ul>\n\n\n\n<p>Inteiro teor: <a href=\"https:\/\/www.fazenda.niteroi.rj.gov.br\/site\/wp-content\/uploads\/2024\/04\/PA-017820.18-FLS.-48-A-66.pdf\">Ac\u00f3rd\u00e3o 2632\/2020<\/a><\/p>\n","protected":false},"excerpt":{"rendered":"<p>IPTU. Revis\u00e3o de dados cadastrais. Discord\u00e2ncia entre o sujeito passivo e o Fisco em rela\u00e7\u00e3o aos fatos que motivaram a altera\u00e7\u00e3o cadastral. Compet\u00eancia privativa do Coordenador do IPTU para decidir a controv\u00e9rsia em primeira inst\u00e2ncia. V\u00edcio de compet\u00eancia na decis\u00e3o do Coordenador de Tributa\u00e7\u00e3o. Recurso de of\u00edcio conhecido e provido, devendo o processo ser remetido \u00e0 CIPTU para julgamento.\u201d<\/p>\n","protected":false},"author":4,"featured_media":0,"comment_status":"closed","ping_status":"closed","sticky":false,"template":"","format":"standard","meta":{"_et_pb_use_builder":"","_et_pb_old_content":"","_et_gb_content_width":"","_usar_header_alternativo":false,"footnotes":""},"categories":[131,126],"tags":[],"class_list":["post-26453","post","type-post","status-publish","format-standard","hentry","category-acordaos","category-ccn","et-doesnt-have-format-content","et_post_format-et-post-format-standard"],"_links":{"self":[{"href":"https:\/\/www.fazenda.niteroi.rj.gov.br\/site\/wp-json\/wp\/v2\/posts\/26453","targetHints":{"allow":["GET"]}}],"collection":[{"href":"https:\/\/www.fazenda.niteroi.rj.gov.br\/site\/wp-json\/wp\/v2\/posts"}],"about":[{"href":"https:\/\/www.fazenda.niteroi.rj.gov.br\/site\/wp-json\/wp\/v2\/types\/post"}],"author":[{"embeddable":true,"href":"https:\/\/www.fazenda.niteroi.rj.gov.br\/site\/wp-json\/wp\/v2\/users\/4"}],"replies":[{"embeddable":true,"href":"https:\/\/www.fazenda.niteroi.rj.gov.br\/site\/wp-json\/wp\/v2\/comments?post=26453"}],"version-history":[{"count":1,"href":"https:\/\/www.fazenda.niteroi.rj.gov.br\/site\/wp-json\/wp\/v2\/posts\/26453\/revisions"}],"predecessor-version":[{"id":26455,"href":"https:\/\/www.fazenda.niteroi.rj.gov.br\/site\/wp-json\/wp\/v2\/posts\/26453\/revisions\/26455"}],"wp:attachment":[{"href":"https:\/\/www.fazenda.niteroi.rj.gov.br\/site\/wp-json\/wp\/v2\/media?parent=26453"}],"wp:term":[{"taxonomy":"category","embeddable":true,"href":"https:\/\/www.fazenda.niteroi.rj.gov.br\/site\/wp-json\/wp\/v2\/categories?post=26453"},{"taxonomy":"post_tag","embeddable":true,"href":"https:\/\/www.fazenda.niteroi.rj.gov.br\/site\/wp-json\/wp\/v2\/tags?post=26453"}],"curies":[{"name":"wp","href":"https:\/\/api.w.org\/{rel}","templated":true}]}}