{"id":2662,"date":"2016-11-25T16:05:56","date_gmt":"2016-11-25T18:05:56","guid":{"rendered":"http:\/\/fazenda.niteroi.rj.gov.br\/site\/?p=2662"},"modified":"2016-12-08T19:00:16","modified_gmt":"2016-12-08T21:00:16","slug":"colheita-da-fazenda-o-natal-beneficente-da-smf","status":"publish","type":"post","link":"https:\/\/www.fazenda.niteroi.rj.gov.br\/site\/colheita-da-fazenda-o-natal-beneficente-da-smf\/","title":{"rendered":"Colheita da Fazenda \u2013 O Natal beneficente da SMF"},"content":{"rendered":"<p>A Colheita da Fazenda \u2013 O Natal beneficente da SMF est\u00e1 coletando <span style=\"text-decoration: underline;\">alimentos n\u00e3o perec\u00edveis<\/span> para o <strong>Banco Municipal de Alimentos Herbert de Souza<\/strong>, a fim de oferecer um Natal mais digno \u00e0s fam\u00edlias atendidas pelas institui\u00e7\u00f5es cadastradas.<\/p>\n<p>Para ajudar, voc\u00ea poder\u00e1 depositar sua doa\u00e7\u00e3o em quaisquer cestas distribu\u00eddas pela SMF at\u00e9 o dia <strong>22 de dezembro<\/strong>.<\/p>\n<p>Sua solidariedade ter\u00e1 um gosto especial para muita gente!<\/p>\n<h2>Sobre o Banco Municipal de Alimentos Herbert de Souza<span style=\"text-decoration: underline;\"><strong><br \/>\n<\/strong><\/span><\/h2>\n<p>A Subsecretaria de Seguran\u00e7a Alimentar e Nutricional fica na Secretaria Executiva. Dentro da Subsecretaria de Seguran\u00e7a Alimentar e Nutricional existe o Banco Municipal de Alimentos Herbert de Souza.<\/p>\n<p>O Banco de Alimentos sobrevive de doa\u00e7\u00f5es ou de editais p\u00fablicos e direciona os donativos para as mais de 30 institui\u00e7\u00f5es de Niter\u00f3i, todas cadastradas na Assist\u00eancia Social.\u00a0Entre as institui\u00e7\u00f5es est\u00e3o creches, orfanatos, asilos e igrejas. O Banco de Alimentos atende tamb\u00e9m fam\u00edlias em situa\u00e7\u00e3o de inseguran\u00e7a alimentar grave encaminhadas pela Assist\u00eancia Social.<\/p>\n<p>Atualmente, o Banco de Alimentos conta\u00a0basicamente com\u00a0doa\u00e7\u00f5es e parcerias. Por isso, a import\u00e2ncia da campanha Colheita da Fazenda \u2013 O Natal beneficente da SMF, seja pela quantidade de alimentos arrecadados, seja pela publicidade que dar\u00e1 ao Banco Municipal de Alimentos Herbert de Souza.<\/p>\n<h2>O Brasil e a fome<\/h2>\n<p>S\u00e3o 3,4 milh\u00f5es de brasileiros e brasileiras que convivem, todos os dias, com a fome, segundo registros apresentados pela Organiza\u00e7\u00e3o das Na\u00e7\u00f5es Unidas para Alimenta\u00e7\u00e3o e Agricultura (FAO).<\/p>\n<p>Temos visto muito esfor\u00e7o da d\u00e9cada de 1990 para c\u00e1 no combate a esse problema. E os avan\u00e7os s\u00e3o significativos desde ent\u00e3o. Daquela \u00e9poca aos dias atuais, a diminui\u00e7\u00e3o de pessoas com fome saiu de 14,8% para o atual 1,7%.<\/p>\n<p>S\u00f3 que os mesmos dados, colhidos da Pesquisa Nacional por Amostra de Domic\u00edlios (PNAD) 2013, tamb\u00e9m dizem que mais de 22% de lares brasileiros passam por priva\u00e7\u00f5es de alimentos. Quanto maior a consci\u00eancia coletiva da import\u00e2ncia da doa\u00e7\u00e3o, do n\u00e3o-desperd\u00edcio e da qualidade da conserva\u00e7\u00e3o dos itens, mais facilitado ser\u00e1 o acesso da popula\u00e7\u00e3o de baixa renda aos alimentos.<\/p>\n<div id=\"attachment_2669\" style=\"width: 610px\" class=\"wp-caption aligncenter\"><a href=\"http:\/\/fazenda.niteroi.rj.gov.br\/site\/wp-content\/uploads\/2016\/12\/Natal-2016.jpg\"><img loading=\"lazy\" decoding=\"async\" aria-describedby=\"caption-attachment-2669\" class=\"wp-image-2669 size-large\" src=\"http:\/\/fazenda.niteroi.rj.gov.br\/site\/wp-content\/uploads\/2016\/12\/Natal-2016-600x360.jpg\" alt=\"Colheita da Fazenda\" width=\"600\" height=\"360\" srcset=\"https:\/\/www.fazenda.niteroi.rj.gov.br\/site\/wp-content\/uploads\/2016\/12\/Natal-2016-600x360.jpg 600w, https:\/\/www.fazenda.niteroi.rj.gov.br\/site\/wp-content\/uploads\/2016\/12\/Natal-2016-400x240.jpg 400w, https:\/\/www.fazenda.niteroi.rj.gov.br\/site\/wp-content\/uploads\/2016\/12\/Natal-2016-627x376.jpg 627w, https:\/\/www.fazenda.niteroi.rj.gov.br\/site\/wp-content\/uploads\/2016\/12\/Natal-2016-440x264.jpg 440w, https:\/\/www.fazenda.niteroi.rj.gov.br\/site\/wp-content\/uploads\/2016\/12\/Natal-2016.jpg 694w\" sizes=\"auto, (max-width: 600px) 100vw, 600px\" \/><\/a><p id=\"caption-attachment-2669\" class=\"wp-caption-text\">Cartaz do Campanha de Natal 2016 da SMF<\/p><\/div>\n","protected":false},"excerpt":{"rendered":"<p>A Colheita da Fazenda \u2013 O Natal beneficente da SMF est\u00e1 coletando alimentos n\u00e3o perec\u00edveis para o Banco Municipal de Alimentos Herbert de Souza, a fim de oferecer um Natal mais digno \u00e0s fam\u00edlias atendidas pelas institui\u00e7\u00f5es cadastradas.<\/p>\n","protected":false},"author":3,"featured_media":911,"comment_status":"closed","ping_status":"closed","sticky":false,"template":"","format":"standard","meta":{"_et_pb_use_builder":"","_et_pb_old_content":"","_et_gb_content_width":"","_usar_header_alternativo":false,"footnotes":""},"categories":[10],"tags":[],"class_list":["post-2662","post","type-post","status-publish","format-standard","has-post-thumbnail","hentry","category-noticias","et-has-post-format-content","et_post_format-et-post-format-standard"],"_links":{"self":[{"href":"https:\/\/www.fazenda.niteroi.rj.gov.br\/site\/wp-json\/wp\/v2\/posts\/2662","targetHints":{"allow":["GET"]}}],"collection":[{"href":"https:\/\/www.fazenda.niteroi.rj.gov.br\/site\/wp-json\/wp\/v2\/posts"}],"about":[{"href":"https:\/\/www.fazenda.niteroi.rj.gov.br\/site\/wp-json\/wp\/v2\/types\/post"}],"author":[{"embeddable":true,"href":"https:\/\/www.fazenda.niteroi.rj.gov.br\/site\/wp-json\/wp\/v2\/users\/3"}],"replies":[{"embeddable":true,"href":"https:\/\/www.fazenda.niteroi.rj.gov.br\/site\/wp-json\/wp\/v2\/comments?post=2662"}],"version-history":[{"count":0,"href":"https:\/\/www.fazenda.niteroi.rj.gov.br\/site\/wp-json\/wp\/v2\/posts\/2662\/revisions"}],"wp:featuredmedia":[{"embeddable":true,"href":"https:\/\/www.fazenda.niteroi.rj.gov.br\/site\/wp-json\/wp\/v2\/media\/911"}],"wp:attachment":[{"href":"https:\/\/www.fazenda.niteroi.rj.gov.br\/site\/wp-json\/wp\/v2\/media?parent=2662"}],"wp:term":[{"taxonomy":"category","embeddable":true,"href":"https:\/\/www.fazenda.niteroi.rj.gov.br\/site\/wp-json\/wp\/v2\/categories?post=2662"},{"taxonomy":"post_tag","embeddable":true,"href":"https:\/\/www.fazenda.niteroi.rj.gov.br\/site\/wp-json\/wp\/v2\/tags?post=2662"}],"curies":[{"name":"wp","href":"https:\/\/api.w.org\/{rel}","templated":true}]}}