{"id":26670,"date":"2024-04-29T10:02:37","date_gmt":"2024-04-29T13:02:37","guid":{"rendered":"https:\/\/www.fazenda.niteroi.rj.gov.br\/site\/?p=26670"},"modified":"2024-04-29T10:03:03","modified_gmt":"2024-04-29T13:03:03","slug":"acordao-no-2685-2020","status":"publish","type":"post","link":"https:\/\/www.fazenda.niteroi.rj.gov.br\/site\/acordao-no-2685-2020\/","title":{"rendered":"Ac\u00f3rd\u00e3o n\u00ba 2685\/2020"},"content":{"rendered":"\n<ul class=\"wp-block-list\">\n<li>1220\u00aa Sess\u00e3o Ordin\u00e1ria, de 25\/11\/2020<\/li>\n\n\n\n<li>Processo: 030\/010326\/2020<\/li>\n\n\n\n<li>Recorrente: LEANDRO RAMOS CARVALHO<\/li>\n\n\n\n<li><strong>\u201cEmenta: ITBI \u2013 RECURSO DE OFICIO \u2013 OBRIGA\u00c7\u00c3O PRINCIPAL \u2013 REVIS\u00c3O DE LAN\u00c7AMENTO \u2013 INTELIG\u00caNCIA DO ART. 53 DA LEI MUNICIPAL N\u00ba 2.597\/08 \u2013 IMPOSTO REVISTO COM BASE EM VISTORIA NO IM\u00d3VEL E AN\u00c1LISE MERCADOL\u00d3GICA \u2013 DECIS\u00c3O DE PRIMEIRA INST\u00c2NCIA MANTIDA \u2013 RECURSO DE OF\u00cdCIO AO QUAL SE NEGA PROVIMENTO\u201d.<\/strong><\/li>\n\n\n\n<li>Inteiro teor:<a href=\"https:\/\/www.fazenda.niteroi.rj.gov.br\/site\/wp-content\/uploads\/2024\/04\/PA-010326.20-FLS-33-A-45.pdf\"> Ac\u00f3rd\u00e3o 2685\/2020<\/a><\/li>\n<\/ul>\n","protected":false},"excerpt":{"rendered":"<p> ITBI \u2013 RECURSO DE OFICIO \u2013 OBRIGA\u00c7\u00c3O PRINCIPAL \u2013 REVIS\u00c3O DE LAN\u00c7AMENTO \u2013 INTELIG\u00caNCIA DO ART. 53 DA LEI MUNICIPAL N\u00ba 2.597\/08 \u2013 IMPOSTO REVISTO COM BASE EM VISTORIA NO IM\u00d3VEL E AN\u00c1LISE MERCADOL\u00d3GICA \u2013 DECIS\u00c3O DE PRIMEIRA INST\u00c2NCIA MANTIDA \u2013 RECURSO DE OF\u00cdCIO AO QUAL SE NEGA PROVIMENTO\u201d.<\/p>\n","protected":false},"author":4,"featured_media":0,"comment_status":"closed","ping_status":"closed","sticky":false,"template":"","format":"standard","meta":{"_et_pb_use_builder":"","_et_pb_old_content":"","_et_gb_content_width":"","_usar_header_alternativo":false,"footnotes":""},"categories":[131,126],"tags":[],"class_list":["post-26670","post","type-post","status-publish","format-standard","hentry","category-acordaos","category-ccn","et-doesnt-have-format-content","et_post_format-et-post-format-standard"],"_links":{"self":[{"href":"https:\/\/www.fazenda.niteroi.rj.gov.br\/site\/wp-json\/wp\/v2\/posts\/26670","targetHints":{"allow":["GET"]}}],"collection":[{"href":"https:\/\/www.fazenda.niteroi.rj.gov.br\/site\/wp-json\/wp\/v2\/posts"}],"about":[{"href":"https:\/\/www.fazenda.niteroi.rj.gov.br\/site\/wp-json\/wp\/v2\/types\/post"}],"author":[{"embeddable":true,"href":"https:\/\/www.fazenda.niteroi.rj.gov.br\/site\/wp-json\/wp\/v2\/users\/4"}],"replies":[{"embeddable":true,"href":"https:\/\/www.fazenda.niteroi.rj.gov.br\/site\/wp-json\/wp\/v2\/comments?post=26670"}],"version-history":[{"count":1,"href":"https:\/\/www.fazenda.niteroi.rj.gov.br\/site\/wp-json\/wp\/v2\/posts\/26670\/revisions"}],"predecessor-version":[{"id":26673,"href":"https:\/\/www.fazenda.niteroi.rj.gov.br\/site\/wp-json\/wp\/v2\/posts\/26670\/revisions\/26673"}],"wp:attachment":[{"href":"https:\/\/www.fazenda.niteroi.rj.gov.br\/site\/wp-json\/wp\/v2\/media?parent=26670"}],"wp:term":[{"taxonomy":"category","embeddable":true,"href":"https:\/\/www.fazenda.niteroi.rj.gov.br\/site\/wp-json\/wp\/v2\/categories?post=26670"},{"taxonomy":"post_tag","embeddable":true,"href":"https:\/\/www.fazenda.niteroi.rj.gov.br\/site\/wp-json\/wp\/v2\/tags?post=26670"}],"curies":[{"name":"wp","href":"https:\/\/api.w.org\/{rel}","templated":true}]}}