{"id":26751,"date":"2024-05-02T14:33:29","date_gmt":"2024-05-02T17:33:29","guid":{"rendered":"https:\/\/www.fazenda.niteroi.rj.gov.br\/site\/?p=26751"},"modified":"2024-05-02T14:33:29","modified_gmt":"2024-05-02T17:33:29","slug":"acordao-2722-2021","status":"publish","type":"post","link":"https:\/\/www.fazenda.niteroi.rj.gov.br\/site\/acordao-2722-2021\/","title":{"rendered":"Ac\u00f3rd\u00e3o 2722\/2021"},"content":{"rendered":"\n<p>1234\u00aa Sess\u00e3o Ordin\u00e1ria, de 24\/02\/2021<\/p>\n\n\n\n<p>Processo n\u00ba 030\/008196\/2019<\/p>\n\n\n\n<p>Recorrente: MANOEL RIBEIRO BARROSO<\/p>\n\n\n\n<p>Ementa: <strong>&#8220;IPTU. Lan\u00e7amento complementar.&nbsp;Intempestividade. Apresenta\u00e7\u00e3o da&nbsp;impugna\u00e7\u00e3o ap\u00f3s o prazo legal. Recurso&nbsp;volunt\u00e1rio conhecido e desprovido&#8221;.<\/strong>&nbsp; &nbsp;&nbsp;&nbsp;&nbsp;&nbsp;&nbsp;&nbsp;&nbsp;&nbsp;&nbsp;&nbsp;&nbsp;&nbsp;<\/p>\n\n\n\n<p>Inteiro teor: <a href=\"https:\/\/www.fazenda.niteroi.rj.gov.br\/site\/wp-content\/uploads\/2024\/05\/PA-08196.19-FLS.-60-A-87.pdf\">Ac\u00f3rd\u00e3o n\u00ba 2722\/2021<\/a><\/p>\n","protected":false},"excerpt":{"rendered":"<p>PTU. Lan\u00e7amento complementar.\u00a0Intempestividade. Apresenta\u00e7\u00e3o da\u00a0impugna\u00e7\u00e3o ap\u00f3s o prazo legal. Recurso\u00a0volunt\u00e1rio conhecido e desprovido&#8221;.\u00a0<\/p>\n","protected":false},"author":4,"featured_media":0,"comment_status":"closed","ping_status":"","sticky":false,"template":"","format":"standard","meta":{"_et_pb_use_builder":"","_et_pb_old_content":"","_et_gb_content_width":"","_usar_header_alternativo":false,"footnotes":""},"categories":[131,126],"tags":[],"class_list":["post-26751","post","type-post","status-publish","format-standard","hentry","category-acordaos","category-ccn","et-doesnt-have-format-content","et_post_format-et-post-format-standard"],"_links":{"self":[{"href":"https:\/\/www.fazenda.niteroi.rj.gov.br\/site\/wp-json\/wp\/v2\/posts\/26751","targetHints":{"allow":["GET"]}}],"collection":[{"href":"https:\/\/www.fazenda.niteroi.rj.gov.br\/site\/wp-json\/wp\/v2\/posts"}],"about":[{"href":"https:\/\/www.fazenda.niteroi.rj.gov.br\/site\/wp-json\/wp\/v2\/types\/post"}],"author":[{"embeddable":true,"href":"https:\/\/www.fazenda.niteroi.rj.gov.br\/site\/wp-json\/wp\/v2\/users\/4"}],"replies":[{"embeddable":true,"href":"https:\/\/www.fazenda.niteroi.rj.gov.br\/site\/wp-json\/wp\/v2\/comments?post=26751"}],"version-history":[{"count":1,"href":"https:\/\/www.fazenda.niteroi.rj.gov.br\/site\/wp-json\/wp\/v2\/posts\/26751\/revisions"}],"predecessor-version":[{"id":26753,"href":"https:\/\/www.fazenda.niteroi.rj.gov.br\/site\/wp-json\/wp\/v2\/posts\/26751\/revisions\/26753"}],"wp:attachment":[{"href":"https:\/\/www.fazenda.niteroi.rj.gov.br\/site\/wp-json\/wp\/v2\/media?parent=26751"}],"wp:term":[{"taxonomy":"category","embeddable":true,"href":"https:\/\/www.fazenda.niteroi.rj.gov.br\/site\/wp-json\/wp\/v2\/categories?post=26751"},{"taxonomy":"post_tag","embeddable":true,"href":"https:\/\/www.fazenda.niteroi.rj.gov.br\/site\/wp-json\/wp\/v2\/tags?post=26751"}],"curies":[{"name":"wp","href":"https:\/\/api.w.org\/{rel}","templated":true}]}}