{"id":26754,"date":"2024-05-02T14:36:08","date_gmt":"2024-05-02T17:36:08","guid":{"rendered":"https:\/\/www.fazenda.niteroi.rj.gov.br\/site\/?p=26754"},"modified":"2024-05-02T14:40:27","modified_gmt":"2024-05-02T17:40:27","slug":"acordao-2723-2021","status":"publish","type":"post","link":"https:\/\/www.fazenda.niteroi.rj.gov.br\/site\/acordao-2723-2021\/","title":{"rendered":"Ac\u00f3rd\u00e3o 2723\/2021"},"content":{"rendered":"\n<p>1234\u00aa Sess\u00e3o Ordin\u00e1ria, de 24\/02\/2021<\/p>\n\n\n\n<p>Processo n\u00ba 030\/007491\/2020<\/p>\n\n\n\n<p>Recorrente: LEANDRO COSTA CARVALHO<\/p>\n\n\n\n<p>Ementa: &nbsp;<strong>&#8220;ITBI. Recurso de of\u00edcio. Revis\u00e3o da base&nbsp;de c\u00e1lculo do imposto. Aus\u00eancia de v\u00edcios&nbsp;que pudessem causar a nulidade do&nbsp;procedimento de revis\u00e3o. Recurso&nbsp;conhecido e n\u00e3o provido. &#8220;<\/strong>&nbsp;&nbsp;&nbsp;&nbsp;&nbsp;&nbsp;&nbsp;&nbsp;&nbsp;&nbsp;&nbsp;&nbsp;&nbsp;&nbsp;&nbsp;&nbsp;&nbsp;&nbsp;&nbsp;<\/p>\n\n\n\n<p>Inteiro teor:<a href=\"https:\/\/www.fazenda.niteroi.rj.gov.br\/site\/wp-content\/uploads\/2024\/05\/PA-07491.20-FLS.-32-A-54.pdf\"> Ac\u00f3rd\u00e3o n\u00ba 2723\/2021<\/a><\/p>\n","protected":false},"excerpt":{"rendered":"<p>&#8220;ITBI. Recurso de of\u00edcio. Revis\u00e3o da base\u00a0de c\u00e1lculo do imposto. Aus\u00eancia de v\u00edcios\u00a0que pudessem causar a nulidade do\u00a0procedimento de revis\u00e3o. Recurso\u00a0conhecido e n\u00e3o provido. &#8221;\u00a0\u00a0\u00a0\u00a0\u00a0<\/p>\n","protected":false},"author":4,"featured_media":0,"comment_status":"closed","ping_status":"closed","sticky":false,"template":"","format":"standard","meta":{"_et_pb_use_builder":"","_et_pb_old_content":"","_et_gb_content_width":"","_usar_header_alternativo":false,"footnotes":""},"categories":[131,126],"tags":[],"class_list":["post-26754","post","type-post","status-publish","format-standard","hentry","category-acordaos","category-ccn","et-doesnt-have-format-content","et_post_format-et-post-format-standard"],"_links":{"self":[{"href":"https:\/\/www.fazenda.niteroi.rj.gov.br\/site\/wp-json\/wp\/v2\/posts\/26754","targetHints":{"allow":["GET"]}}],"collection":[{"href":"https:\/\/www.fazenda.niteroi.rj.gov.br\/site\/wp-json\/wp\/v2\/posts"}],"about":[{"href":"https:\/\/www.fazenda.niteroi.rj.gov.br\/site\/wp-json\/wp\/v2\/types\/post"}],"author":[{"embeddable":true,"href":"https:\/\/www.fazenda.niteroi.rj.gov.br\/site\/wp-json\/wp\/v2\/users\/4"}],"replies":[{"embeddable":true,"href":"https:\/\/www.fazenda.niteroi.rj.gov.br\/site\/wp-json\/wp\/v2\/comments?post=26754"}],"version-history":[{"count":2,"href":"https:\/\/www.fazenda.niteroi.rj.gov.br\/site\/wp-json\/wp\/v2\/posts\/26754\/revisions"}],"predecessor-version":[{"id":26757,"href":"https:\/\/www.fazenda.niteroi.rj.gov.br\/site\/wp-json\/wp\/v2\/posts\/26754\/revisions\/26757"}],"wp:attachment":[{"href":"https:\/\/www.fazenda.niteroi.rj.gov.br\/site\/wp-json\/wp\/v2\/media?parent=26754"}],"wp:term":[{"taxonomy":"category","embeddable":true,"href":"https:\/\/www.fazenda.niteroi.rj.gov.br\/site\/wp-json\/wp\/v2\/categories?post=26754"},{"taxonomy":"post_tag","embeddable":true,"href":"https:\/\/www.fazenda.niteroi.rj.gov.br\/site\/wp-json\/wp\/v2\/tags?post=26754"}],"curies":[{"name":"wp","href":"https:\/\/api.w.org\/{rel}","templated":true}]}}