{"id":26831,"date":"2024-05-06T11:29:27","date_gmt":"2024-05-06T14:29:27","guid":{"rendered":"https:\/\/www.fazenda.niteroi.rj.gov.br\/site\/?p=26831"},"modified":"2024-05-06T11:29:46","modified_gmt":"2024-05-06T14:29:46","slug":"acordao-2741-2021","status":"publish","type":"post","link":"https:\/\/www.fazenda.niteroi.rj.gov.br\/site\/acordao-2741-2021\/","title":{"rendered":"Ac\u00f3rd\u00e3o 2741\/2021"},"content":{"rendered":"\n<p><\/p>\n\n\n\n<p>1241\u00aa Sess\u00e3o Ordin\u00e1ria, de 28\/04\/2021<\/p>\n\n\n\n<p>Processo 030\/003464\/2020<\/p>\n\n\n\n<p>Recorrente: ITA\u00da UNIBANCO S\/A<\/p>\n\n\n\n<p>Ementa:&nbsp; &#8220;ISS \u2013 Recurso de of\u00edcio \u2013 Obriga\u00e7\u00e3o principal \u2013 Presta\u00e7\u00e3o de servi\u00e7os descritos no subitem 15.01 e 15.09 \u2013 Administra\u00e7\u00e3o de fundos, cons\u00f3rcio, cart\u00e3o de cr\u00e9dito e arrendamento mercantil \u2013 Omiss\u00f5es nas declara\u00e7\u00f5es do contribuinte \u2013 Arbitramento da base de c\u00e1lculo \u2013 Legalidade \u2013 Art. 82 do CTM \u2013 Servi\u00e7os de administra\u00e7\u00e3o de fundos e cart\u00e3o de cr\u00e9dito \u2013 Imposto a ser recolhido ao munic\u00edpio de Niter\u00f3i \u2013 Jurisprud\u00eancia pac\u00edfica do TJ\/RJ \u2013 Servi\u00e7os de arrendamento mercantil e cons\u00f3rcio \u2013 Imposto a ser recolhido no local da aprova\u00e7\u00e3o dos contratos \u2013 Jurisprud\u00eancia do STJ \u2013 Recurso de of\u00edcio conhecido e parcialmente provido. &#8220;<\/p>\n\n\n\n<p>Inteiro teor:<a href=\"https:\/\/www.fazenda.niteroi.rj.gov.br\/site\/wp-content\/uploads\/2024\/05\/PA-03464-FLS.-2437-A-2475.pdf\"> Ac\u00f3rd\u00e3o 2741\/2021<\/a><\/p>\n","protected":false},"excerpt":{"rendered":"<p> &#8220;ISS \u2013 Recurso de of\u00edcio \u2013 Obriga\u00e7\u00e3o principal \u2013 Presta\u00e7\u00e3o de servi\u00e7os descritos no subitem 15.01 e 15.09 \u2013 Administra\u00e7\u00e3o de fundos, cons\u00f3rcio, cart\u00e3o de cr\u00e9dito e arrendamento mercantil \u2013 Omiss\u00f5es nas declara\u00e7\u00f5es do contribuinte \u2013 Arbitramento da base de c\u00e1lculo \u2013 Legalidade \u2013 Art. 82 do CTM \u2013 Servi\u00e7os de administra\u00e7\u00e3o de fundos e cart\u00e3o de cr\u00e9dito \u2013 Imposto a ser recolhido ao munic\u00edpio de Niter\u00f3i \u2013 Jurisprud\u00eancia pac\u00edfica do TJ\/RJ \u2013 Servi\u00e7os de arrendamento mercantil e cons\u00f3rcio \u2013 Imposto a ser recolhido no local da aprova\u00e7\u00e3o dos contratos \u2013 Jurisprud\u00eancia do STJ \u2013 Recurso de of\u00edcio conhecido e parcialmente provido. &#8221;<\/p>\n","protected":false},"author":4,"featured_media":0,"comment_status":"closed","ping_status":"closed","sticky":false,"template":"","format":"standard","meta":{"_et_pb_use_builder":"","_et_pb_old_content":"","_et_gb_content_width":"","_usar_header_alternativo":false,"footnotes":""},"categories":[131,126],"tags":[],"class_list":["post-26831","post","type-post","status-publish","format-standard","hentry","category-acordaos","category-ccn","et-doesnt-have-format-content","et_post_format-et-post-format-standard"],"_links":{"self":[{"href":"https:\/\/www.fazenda.niteroi.rj.gov.br\/site\/wp-json\/wp\/v2\/posts\/26831","targetHints":{"allow":["GET"]}}],"collection":[{"href":"https:\/\/www.fazenda.niteroi.rj.gov.br\/site\/wp-json\/wp\/v2\/posts"}],"about":[{"href":"https:\/\/www.fazenda.niteroi.rj.gov.br\/site\/wp-json\/wp\/v2\/types\/post"}],"author":[{"embeddable":true,"href":"https:\/\/www.fazenda.niteroi.rj.gov.br\/site\/wp-json\/wp\/v2\/users\/4"}],"replies":[{"embeddable":true,"href":"https:\/\/www.fazenda.niteroi.rj.gov.br\/site\/wp-json\/wp\/v2\/comments?post=26831"}],"version-history":[{"count":1,"href":"https:\/\/www.fazenda.niteroi.rj.gov.br\/site\/wp-json\/wp\/v2\/posts\/26831\/revisions"}],"predecessor-version":[{"id":26833,"href":"https:\/\/www.fazenda.niteroi.rj.gov.br\/site\/wp-json\/wp\/v2\/posts\/26831\/revisions\/26833"}],"wp:attachment":[{"href":"https:\/\/www.fazenda.niteroi.rj.gov.br\/site\/wp-json\/wp\/v2\/media?parent=26831"}],"wp:term":[{"taxonomy":"category","embeddable":true,"href":"https:\/\/www.fazenda.niteroi.rj.gov.br\/site\/wp-json\/wp\/v2\/categories?post=26831"},{"taxonomy":"post_tag","embeddable":true,"href":"https:\/\/www.fazenda.niteroi.rj.gov.br\/site\/wp-json\/wp\/v2\/tags?post=26831"}],"curies":[{"name":"wp","href":"https:\/\/api.w.org\/{rel}","templated":true}]}}