{"id":26837,"date":"2024-05-06T11:33:24","date_gmt":"2024-05-06T14:33:24","guid":{"rendered":"https:\/\/www.fazenda.niteroi.rj.gov.br\/site\/?p=26837"},"modified":"2024-05-06T11:33:43","modified_gmt":"2024-05-06T14:33:43","slug":"acordao-2743-2021","status":"publish","type":"post","link":"https:\/\/www.fazenda.niteroi.rj.gov.br\/site\/acordao-2743-2021\/","title":{"rendered":"Ac\u00f3rd\u00e3o 2743\/2021"},"content":{"rendered":"\n<p>1242\u00aa Sess\u00e3o Ordin\u00e1ria, de 12\/05\/2021<\/p>\n\n\n\n<p>Processo 030\/018141\/2017<\/p>\n\n\n\n<p>Recorrente: MARIA DA SILVA LE\u00c3O<\/p>\n\n\n\n<p>Ementa: \u201cIPTU &#8211; Recurso de Of\u00edcio &#8211; Solicita\u00e7\u00e3o de revis\u00e3o de valor venal do im\u00f3vel e de revis\u00e3o de dados cadastrais para fins de lan\u00e7amento do IPTU. Possibilidade de efeito de impugna\u00e7\u00e3o da solicita\u00e7\u00e3o restrita ao valor do imposto do exerc\u00edcio em que foi protocolada a peti\u00e7\u00e3o. Recurso conhecido e n\u00e3o provido.&#8221;<\/p>\n\n\n\n<p>Inteiro teor: <a href=\"https:\/\/www.fazenda.niteroi.rj.gov.br\/site\/wp-content\/uploads\/2024\/05\/PA-018141.17-FLS.-131-A-147.pdf\">Ac\u00f3rd\u00e3o n\u00ba 2743\/2021<\/a><\/p>\n","protected":false},"excerpt":{"rendered":"<p>\u201cIPTU &#8211; Recurso de Of\u00edcio &#8211; Solicita\u00e7\u00e3o de revis\u00e3o de valor venal do im\u00f3vel e de revis\u00e3o de dados cadastrais para fins de lan\u00e7amento do IPTU. Possibilidade de efeito de impugna\u00e7\u00e3o da solicita\u00e7\u00e3o restrita ao valor do imposto do exerc\u00edcio em que foi protocolada a peti\u00e7\u00e3o. Recurso conhecido e n\u00e3o provido.&#8221;<\/p>\n","protected":false},"author":4,"featured_media":0,"comment_status":"closed","ping_status":"closed","sticky":false,"template":"","format":"standard","meta":{"_et_pb_use_builder":"","_et_pb_old_content":"","_et_gb_content_width":"","_usar_header_alternativo":false,"footnotes":""},"categories":[131,126],"tags":[],"class_list":["post-26837","post","type-post","status-publish","format-standard","hentry","category-acordaos","category-ccn","et-doesnt-have-format-content","et_post_format-et-post-format-standard"],"_links":{"self":[{"href":"https:\/\/www.fazenda.niteroi.rj.gov.br\/site\/wp-json\/wp\/v2\/posts\/26837","targetHints":{"allow":["GET"]}}],"collection":[{"href":"https:\/\/www.fazenda.niteroi.rj.gov.br\/site\/wp-json\/wp\/v2\/posts"}],"about":[{"href":"https:\/\/www.fazenda.niteroi.rj.gov.br\/site\/wp-json\/wp\/v2\/types\/post"}],"author":[{"embeddable":true,"href":"https:\/\/www.fazenda.niteroi.rj.gov.br\/site\/wp-json\/wp\/v2\/users\/4"}],"replies":[{"embeddable":true,"href":"https:\/\/www.fazenda.niteroi.rj.gov.br\/site\/wp-json\/wp\/v2\/comments?post=26837"}],"version-history":[{"count":1,"href":"https:\/\/www.fazenda.niteroi.rj.gov.br\/site\/wp-json\/wp\/v2\/posts\/26837\/revisions"}],"predecessor-version":[{"id":26839,"href":"https:\/\/www.fazenda.niteroi.rj.gov.br\/site\/wp-json\/wp\/v2\/posts\/26837\/revisions\/26839"}],"wp:attachment":[{"href":"https:\/\/www.fazenda.niteroi.rj.gov.br\/site\/wp-json\/wp\/v2\/media?parent=26837"}],"wp:term":[{"taxonomy":"category","embeddable":true,"href":"https:\/\/www.fazenda.niteroi.rj.gov.br\/site\/wp-json\/wp\/v2\/categories?post=26837"},{"taxonomy":"post_tag","embeddable":true,"href":"https:\/\/www.fazenda.niteroi.rj.gov.br\/site\/wp-json\/wp\/v2\/tags?post=26837"}],"curies":[{"name":"wp","href":"https:\/\/api.w.org\/{rel}","templated":true}]}}