{"id":26855,"date":"2024-05-06T12:56:45","date_gmt":"2024-05-06T15:56:45","guid":{"rendered":"https:\/\/www.fazenda.niteroi.rj.gov.br\/site\/?p=26855"},"modified":"2024-05-06T12:57:04","modified_gmt":"2024-05-06T15:57:04","slug":"acordao-2749-2021","status":"publish","type":"post","link":"https:\/\/www.fazenda.niteroi.rj.gov.br\/site\/acordao-2749-2021\/","title":{"rendered":"Ac\u00f3rd\u00e3o 2749\/2021"},"content":{"rendered":"\n<p>1244\u00aa Sess\u00e3o Ordin\u00e1ria, de 19\/05\/2021<\/p>\n\n\n\n<p>Processo 030\/021715\/2017<\/p>\n\n\n\n<p>Recorrente: BRAM OFFSHORE TRANSPORTES MAR\u00cdTIMOS<\/p>\n\n\n\n<p>Ementa: \u201cISS \u2013 RECURSO VOLUNT\u00c1RIO \u2013 OBRIGA\u00c7\u00c3O PRINCIPAL \u2013 SERVI\u00c7OS DE APOIO MAR\u00cdTIMO \u2013 EMPRESA BRASILEIRA DE NAVAGA\u00c7\u00c3O AUTORIZADA PARA PRESTAR SERVI\u00c7OS NA NAVEGA\u00c7\u00c3O DE APOIO MAR\u00cdTIMO \u2013 TERMO DE AUTORIZA\u00c7\u00c3O N\u00ba 332\/07 ANTAQ \u2013 SERVI\u00c7OS TIPIFICADOS NO SUBITEM 20.01 DO ANEXO III DA LEI MUNICIPAL N\u00ba 2597\/08 \u2013 ALEGADA ATIVIDADE DE AFRETAMENTO DE NAVIO \u2013 IMPOSSIBILIDADE \u2013 USU\u00c1RIO DO SERVI\u00c7O SEM CONDI\u00c7\u00d5ES DE OPERAR COMO EMPRESA BRASILEIRA DE NAVEGA\u00c7\u00c3O \u2013 INTELIG\u00caNCIA DO ART. 8\u00ba DA LEI N\u00ba 9.432\/98 \u2013 CONTRATO QUE SE REVESTE DE CARACTER\u00cdSTICAS T\u00cdPICAS DE PRESTA\u00c7\u00c3O DE SERVI\u00c7O \u2013 RESOLU\u00c7\u00c3O-ANTAQ N\u00ba 2.884\/13 \u2013 RECURSO VOLUNT\u00c1RIO AO QUAL SE NEGA PROVIMENTO.\u201d<\/p>\n\n\n\n<p>Inteiro teor: <a href=\"https:\/\/www.fazenda.niteroi.rj.gov.br\/site\/wp-content\/uploads\/2024\/05\/PA-021715.17-FLS.-1111-A-1143.pdf\">Ac\u00f3rd\u00e3o 2749\/2021<\/a><\/p>\n","protected":false},"excerpt":{"rendered":"<p>\u201cISS \u2013 RECURSO VOLUNT\u00c1RIO \u2013 OBRIGA\u00c7\u00c3O PRINCIPAL \u2013 SERVI\u00c7OS DE APOIO MAR\u00cdTIMO \u2013 EMPRESA BRASILEIRA DE NAVAGA\u00c7\u00c3O AUTORIZADA PARA PRESTAR SERVI\u00c7OS NA NAVEGA\u00c7\u00c3O DE APOIO MAR\u00cdTIMO \u2013 TERMO DE AUTORIZA\u00c7\u00c3O N\u00ba 332\/07 ANTAQ \u2013 SERVI\u00c7OS TIPIFICADOS NO SUBITEM 20.01 DO ANEXO III DA LEI MUNICIPAL N\u00ba 2597\/08 \u2013 ALEGADA ATIVIDADE DE AFRETAMENTO DE NAVIO \u2013 IMPOSSIBILIDADE \u2013 USU\u00c1RIO DO SERVI\u00c7O SEM CONDI\u00c7\u00d5ES DE OPERAR COMO EMPRESA BRASILEIRA DE NAVEGA\u00c7\u00c3O \u2013 INTELIG\u00caNCIA DO ART. 8\u00ba DA LEI N\u00ba 9.432\/98 \u2013 CONTRATO QUE SE REVESTE DE CARACTER\u00cdSTICAS T\u00cdPICAS DE PRESTA\u00c7\u00c3O DE SERVI\u00c7O \u2013 RESOLU\u00c7\u00c3O-ANTAQ N\u00ba 2.884\/13 \u2013 RECURSO VOLUNT\u00c1RIO AO QUAL SE NEGA PROVIMENTO.\u201d<\/p>\n","protected":false},"author":4,"featured_media":0,"comment_status":"closed","ping_status":"closed","sticky":false,"template":"","format":"standard","meta":{"_et_pb_use_builder":"","_et_pb_old_content":"","_et_gb_content_width":"","_usar_header_alternativo":false,"footnotes":""},"categories":[131,126],"tags":[],"class_list":["post-26855","post","type-post","status-publish","format-standard","hentry","category-acordaos","category-ccn","et-doesnt-have-format-content","et_post_format-et-post-format-standard"],"_links":{"self":[{"href":"https:\/\/www.fazenda.niteroi.rj.gov.br\/site\/wp-json\/wp\/v2\/posts\/26855","targetHints":{"allow":["GET"]}}],"collection":[{"href":"https:\/\/www.fazenda.niteroi.rj.gov.br\/site\/wp-json\/wp\/v2\/posts"}],"about":[{"href":"https:\/\/www.fazenda.niteroi.rj.gov.br\/site\/wp-json\/wp\/v2\/types\/post"}],"author":[{"embeddable":true,"href":"https:\/\/www.fazenda.niteroi.rj.gov.br\/site\/wp-json\/wp\/v2\/users\/4"}],"replies":[{"embeddable":true,"href":"https:\/\/www.fazenda.niteroi.rj.gov.br\/site\/wp-json\/wp\/v2\/comments?post=26855"}],"version-history":[{"count":1,"href":"https:\/\/www.fazenda.niteroi.rj.gov.br\/site\/wp-json\/wp\/v2\/posts\/26855\/revisions"}],"predecessor-version":[{"id":26857,"href":"https:\/\/www.fazenda.niteroi.rj.gov.br\/site\/wp-json\/wp\/v2\/posts\/26855\/revisions\/26857"}],"wp:attachment":[{"href":"https:\/\/www.fazenda.niteroi.rj.gov.br\/site\/wp-json\/wp\/v2\/media?parent=26855"}],"wp:term":[{"taxonomy":"category","embeddable":true,"href":"https:\/\/www.fazenda.niteroi.rj.gov.br\/site\/wp-json\/wp\/v2\/categories?post=26855"},{"taxonomy":"post_tag","embeddable":true,"href":"https:\/\/www.fazenda.niteroi.rj.gov.br\/site\/wp-json\/wp\/v2\/tags?post=26855"}],"curies":[{"name":"wp","href":"https:\/\/api.w.org\/{rel}","templated":true}]}}