{"id":26871,"date":"2024-05-06T13:10:26","date_gmt":"2024-05-06T16:10:26","guid":{"rendered":"https:\/\/www.fazenda.niteroi.rj.gov.br\/site\/?p=26871"},"modified":"2024-05-06T13:10:46","modified_gmt":"2024-05-06T16:10:46","slug":"acordao-2756-2021","status":"publish","type":"post","link":"https:\/\/www.fazenda.niteroi.rj.gov.br\/site\/acordao-2756-2021\/","title":{"rendered":"Ac\u00f3rd\u00e3o 2756\/2021"},"content":{"rendered":"\n<p>1246\u00aa Sess\u00e3o Ordin\u00e1ria, de 26\/05\/2021<\/p>\n\n\n\n<p>Processo 030\/022577\/2016<\/p>\n\n\n\n<p>Recorrente: JOS\u00c9 NUNES VIANA<\/p>\n\n\n\n<p>Ementa: \u201cIPTU\/TCIL \u2013 RECURSO VOLUNT\u00c1RIO \u2013 OBRIGA\u00c7\u00c3O PRINCIPAL \u2013 LAN\u00c7AMENTO COMPLEMENTAR \u2013 LAN\u00c7AMENTO DE OF\u00cdCIO \u2013 ALTERA\u00c7\u00c3O DE ELEMENTOS CADASTRAIS \u2013 AUS\u00caNCIA DE NOTIFICA\u00c7\u00c3O DE LAN\u00c7AMENTO \u2013 V\u00cdCIO MATERIAL \u2013 NULIDADE DO LAN\u00c7AMENTO \u2013 RECURSO VOLUNT\u00c1RIO CONHECIDO E PROVIDO.\u201d<\/p>\n\n\n\n<p>Inteiro teor: <a href=\"https:\/\/www.fazenda.niteroi.rj.gov.br\/site\/wp-content\/uploads\/2024\/05\/PA-022577.16-FLS.-144-A165.pdf\">Ac\u00f3rd\u00e3o 2756\/2021<\/a><\/p>\n","protected":false},"excerpt":{"rendered":"<p>\u201cIPTU\/TCIL \u2013 RECURSO VOLUNT\u00c1RIO \u2013 OBRIGA\u00c7\u00c3O PRINCIPAL \u2013 LAN\u00c7AMENTO COMPLEMENTAR \u2013 LAN\u00c7AMENTO DE OF\u00cdCIO \u2013 ALTERA\u00c7\u00c3O DE ELEMENTOS CADASTRAIS \u2013 AUS\u00caNCIA DE NOTIFICA\u00c7\u00c3O DE LAN\u00c7AMENTO \u2013 V\u00cdCIO MATERIAL \u2013 NULIDADE DO LAN\u00c7AMENTO \u2013 RECURSO VOLUNT\u00c1RIO CONHECIDO E PROVIDO.\u201d<\/p>\n","protected":false},"author":4,"featured_media":0,"comment_status":"closed","ping_status":"closed","sticky":false,"template":"","format":"standard","meta":{"_et_pb_use_builder":"","_et_pb_old_content":"","_et_gb_content_width":"","_usar_header_alternativo":false,"footnotes":""},"categories":[131,126],"tags":[],"class_list":["post-26871","post","type-post","status-publish","format-standard","hentry","category-acordaos","category-ccn","et-doesnt-have-format-content","et_post_format-et-post-format-standard"],"_links":{"self":[{"href":"https:\/\/www.fazenda.niteroi.rj.gov.br\/site\/wp-json\/wp\/v2\/posts\/26871","targetHints":{"allow":["GET"]}}],"collection":[{"href":"https:\/\/www.fazenda.niteroi.rj.gov.br\/site\/wp-json\/wp\/v2\/posts"}],"about":[{"href":"https:\/\/www.fazenda.niteroi.rj.gov.br\/site\/wp-json\/wp\/v2\/types\/post"}],"author":[{"embeddable":true,"href":"https:\/\/www.fazenda.niteroi.rj.gov.br\/site\/wp-json\/wp\/v2\/users\/4"}],"replies":[{"embeddable":true,"href":"https:\/\/www.fazenda.niteroi.rj.gov.br\/site\/wp-json\/wp\/v2\/comments?post=26871"}],"version-history":[{"count":1,"href":"https:\/\/www.fazenda.niteroi.rj.gov.br\/site\/wp-json\/wp\/v2\/posts\/26871\/revisions"}],"predecessor-version":[{"id":26873,"href":"https:\/\/www.fazenda.niteroi.rj.gov.br\/site\/wp-json\/wp\/v2\/posts\/26871\/revisions\/26873"}],"wp:attachment":[{"href":"https:\/\/www.fazenda.niteroi.rj.gov.br\/site\/wp-json\/wp\/v2\/media?parent=26871"}],"wp:term":[{"taxonomy":"category","embeddable":true,"href":"https:\/\/www.fazenda.niteroi.rj.gov.br\/site\/wp-json\/wp\/v2\/categories?post=26871"},{"taxonomy":"post_tag","embeddable":true,"href":"https:\/\/www.fazenda.niteroi.rj.gov.br\/site\/wp-json\/wp\/v2\/tags?post=26871"}],"curies":[{"name":"wp","href":"https:\/\/api.w.org\/{rel}","templated":true}]}}