{"id":26874,"date":"2024-05-06T13:13:39","date_gmt":"2024-05-06T16:13:39","guid":{"rendered":"https:\/\/www.fazenda.niteroi.rj.gov.br\/site\/?p=26874"},"modified":"2024-05-06T13:13:59","modified_gmt":"2024-05-06T16:13:59","slug":"acordao-2757-2021","status":"publish","type":"post","link":"https:\/\/www.fazenda.niteroi.rj.gov.br\/site\/acordao-2757-2021\/","title":{"rendered":"\u00a0Ac\u00f3rd\u00e3o 2757\/2021"},"content":{"rendered":"\n<p>1246\u00aa Sess\u00e3o Ordin\u00e1ria, de 26\/05\/2021<\/p>\n\n\n\n<p>Processo 030\/009707\/2015<\/p>\n\n\n\n<p>Recorrente: THIAGO SANTOS MALTA<\/p>\n\n\n\n<p>Ementa: \u201cIPTU \u2013 LAN\u00c7AMENTO COMPLEMENTAR COM BASE EM ALTERA\u00c7\u00d5ES CADASTRAIS PROMOVIDAS DE OF\u00cdCIO. C\u00c1LCULO DO IMPOSTO COMPLEMENTAR FEITO COM BASE NO VALOR VENAL DO IM\u00d3VEL NO MOMENTO DO LAN\u00c7AMENTO. O PRAZO DECADENCIAL APLIC\u00c1VEL A LAN\u00c7AMENTOS DE OF\u00cdCIO \u00c9 O DE CINCO ANOS A CONTAR DO PRIMEIRO DIA DO ANO SEGUINTE \u00c0QUELE EM QUE PODERIA TER SIDO FEITO O LAN\u00c7AMENTO. RECURSO VOLUNT\u00c1RIO CONHECIDO E N\u00c3O PROVIDO.\u201d <\/p>\n\n\n\n<p>Inteiro teor: <a href=\"https:\/\/www.fazenda.niteroi.rj.gov.br\/site\/wp-content\/uploads\/2024\/05\/PA-09707.15.pdf\">Ac\u00f3rd\u00e3o 2757\/2021<\/a><\/p>\n","protected":false},"excerpt":{"rendered":"<p> \u201cIPTU \u2013 LAN\u00c7AMENTO COMPLEMENTAR COM BASE EM ALTERA\u00c7\u00d5ES CADASTRAIS PROMOVIDAS DE OF\u00cdCIO. C\u00c1LCULO DO IMPOSTO COMPLEMENTAR FEITO COM BASE NO VALOR VENAL DO IM\u00d3VEL NO MOMENTO DO LAN\u00c7AMENTO. O PRAZO DECADENCIAL APLIC\u00c1VEL A LAN\u00c7AMENTOS DE OF\u00cdCIO \u00c9 O DE CINCO ANOS A CONTAR DO PRIMEIRO DIA DO ANO SEGUINTE \u00c0QUELE EM QUE PODERIA TER SIDO FEITO O LAN\u00c7AMENTO. RECURSO VOLUNT\u00c1RIO CONHECIDO E N\u00c3O PROVIDO.\u201d <\/p>\n","protected":false},"author":4,"featured_media":0,"comment_status":"closed","ping_status":"closed","sticky":false,"template":"","format":"standard","meta":{"_et_pb_use_builder":"","_et_pb_old_content":"","_et_gb_content_width":"","_usar_header_alternativo":false,"footnotes":""},"categories":[131,126],"tags":[],"class_list":["post-26874","post","type-post","status-publish","format-standard","hentry","category-acordaos","category-ccn","et-doesnt-have-format-content","et_post_format-et-post-format-standard"],"_links":{"self":[{"href":"https:\/\/www.fazenda.niteroi.rj.gov.br\/site\/wp-json\/wp\/v2\/posts\/26874","targetHints":{"allow":["GET"]}}],"collection":[{"href":"https:\/\/www.fazenda.niteroi.rj.gov.br\/site\/wp-json\/wp\/v2\/posts"}],"about":[{"href":"https:\/\/www.fazenda.niteroi.rj.gov.br\/site\/wp-json\/wp\/v2\/types\/post"}],"author":[{"embeddable":true,"href":"https:\/\/www.fazenda.niteroi.rj.gov.br\/site\/wp-json\/wp\/v2\/users\/4"}],"replies":[{"embeddable":true,"href":"https:\/\/www.fazenda.niteroi.rj.gov.br\/site\/wp-json\/wp\/v2\/comments?post=26874"}],"version-history":[{"count":1,"href":"https:\/\/www.fazenda.niteroi.rj.gov.br\/site\/wp-json\/wp\/v2\/posts\/26874\/revisions"}],"predecessor-version":[{"id":26876,"href":"https:\/\/www.fazenda.niteroi.rj.gov.br\/site\/wp-json\/wp\/v2\/posts\/26874\/revisions\/26876"}],"wp:attachment":[{"href":"https:\/\/www.fazenda.niteroi.rj.gov.br\/site\/wp-json\/wp\/v2\/media?parent=26874"}],"wp:term":[{"taxonomy":"category","embeddable":true,"href":"https:\/\/www.fazenda.niteroi.rj.gov.br\/site\/wp-json\/wp\/v2\/categories?post=26874"},{"taxonomy":"post_tag","embeddable":true,"href":"https:\/\/www.fazenda.niteroi.rj.gov.br\/site\/wp-json\/wp\/v2\/tags?post=26874"}],"curies":[{"name":"wp","href":"https:\/\/api.w.org\/{rel}","templated":true}]}}