{"id":26895,"date":"2024-05-06T13:52:36","date_gmt":"2024-05-06T16:52:36","guid":{"rendered":"https:\/\/www.fazenda.niteroi.rj.gov.br\/site\/?p=26895"},"modified":"2024-05-06T13:52:56","modified_gmt":"2024-05-06T16:52:56","slug":"acordao-2763-2021","status":"publish","type":"post","link":"https:\/\/www.fazenda.niteroi.rj.gov.br\/site\/acordao-2763-2021\/","title":{"rendered":"AC\u00d3RD\u00c3O 2763\/2021"},"content":{"rendered":"\n<p>1248\u00aa Sess\u00e3o Ordin\u00e1ria, de 09\/06\/2021<\/p>\n\n\n\n<p>Processo 030\/005445\/2017<\/p>\n\n\n\n<p>Recorrente: CARLOS AUGUSTO PEREIRA \u2013 ESCRIT\u00d3RIO DE CONTABILIDADE LTDA<\/p>\n\n\n\n<p>Ementa: &#8220;Exclus\u00e3o do Simples. Procedimento. \u00c9 regulado pelos artigos da Lei Complementar n\u00ba 123\/06 em seus artigos 27 a 32, regulamentados pelo Comit\u00ea Gestor do Simples Nacional conforme disp\u00f5e o par\u00e1grafo 3\u00ba do art. 28 da referida lei, sendo observado as regras legais inclusive da ci\u00eancia ao contribuinte, fica assegurado a este o direito Constitucional ao contradit\u00f3rio e ampla defesa. Recurso Volunt\u00e1rio que se nega provimento.&#8221;<\/p>\n\n\n\n<p>Inteiro teor: <a href=\"https:\/\/www.fazenda.niteroi.rj.gov.br\/site\/wp-content\/uploads\/2024\/05\/PA-05445.17-FLS.-56-A-71.pdf\">Ac\u00f3rd\u00e3o 2763\/2021<\/a><\/p>\n","protected":false},"excerpt":{"rendered":"<p>&#8220;Exclus\u00e3o do Simples. Procedimento. \u00c9 regulado pelos artigos da Lei Complementar n\u00ba 123\/06 em seus artigos 27 a 32, regulamentados pelo Comit\u00ea Gestor do Simples Nacional conforme disp\u00f5e o par\u00e1grafo 3\u00ba do art. 28 da referida lei, sendo observado as regras legais inclusive da ci\u00eancia ao contribuinte, fica assegurado a este o direito Constitucional ao contradit\u00f3rio e ampla defesa. Recurso Volunt\u00e1rio que se nega provimento.&#8221;<\/p>\n","protected":false},"author":4,"featured_media":0,"comment_status":"closed","ping_status":"closed","sticky":false,"template":"","format":"standard","meta":{"_et_pb_use_builder":"","_et_pb_old_content":"","_et_gb_content_width":"","_usar_header_alternativo":false,"footnotes":""},"categories":[131,126],"tags":[],"class_list":["post-26895","post","type-post","status-publish","format-standard","hentry","category-acordaos","category-ccn","et-doesnt-have-format-content","et_post_format-et-post-format-standard"],"_links":{"self":[{"href":"https:\/\/www.fazenda.niteroi.rj.gov.br\/site\/wp-json\/wp\/v2\/posts\/26895","targetHints":{"allow":["GET"]}}],"collection":[{"href":"https:\/\/www.fazenda.niteroi.rj.gov.br\/site\/wp-json\/wp\/v2\/posts"}],"about":[{"href":"https:\/\/www.fazenda.niteroi.rj.gov.br\/site\/wp-json\/wp\/v2\/types\/post"}],"author":[{"embeddable":true,"href":"https:\/\/www.fazenda.niteroi.rj.gov.br\/site\/wp-json\/wp\/v2\/users\/4"}],"replies":[{"embeddable":true,"href":"https:\/\/www.fazenda.niteroi.rj.gov.br\/site\/wp-json\/wp\/v2\/comments?post=26895"}],"version-history":[{"count":1,"href":"https:\/\/www.fazenda.niteroi.rj.gov.br\/site\/wp-json\/wp\/v2\/posts\/26895\/revisions"}],"predecessor-version":[{"id":26897,"href":"https:\/\/www.fazenda.niteroi.rj.gov.br\/site\/wp-json\/wp\/v2\/posts\/26895\/revisions\/26897"}],"wp:attachment":[{"href":"https:\/\/www.fazenda.niteroi.rj.gov.br\/site\/wp-json\/wp\/v2\/media?parent=26895"}],"wp:term":[{"taxonomy":"category","embeddable":true,"href":"https:\/\/www.fazenda.niteroi.rj.gov.br\/site\/wp-json\/wp\/v2\/categories?post=26895"},{"taxonomy":"post_tag","embeddable":true,"href":"https:\/\/www.fazenda.niteroi.rj.gov.br\/site\/wp-json\/wp\/v2\/tags?post=26895"}],"curies":[{"name":"wp","href":"https:\/\/api.w.org\/{rel}","templated":true}]}}