{"id":26954,"date":"2024-05-06T15:25:27","date_gmt":"2024-05-06T18:25:27","guid":{"rendered":"https:\/\/www.fazenda.niteroi.rj.gov.br\/site\/?p=26954"},"modified":"2024-05-06T15:25:47","modified_gmt":"2024-05-06T18:25:47","slug":"acordao-2781-2021","status":"publish","type":"post","link":"https:\/\/www.fazenda.niteroi.rj.gov.br\/site\/acordao-2781-2021\/","title":{"rendered":"Ac\u00f3rd\u00e3o 2781\/2021"},"content":{"rendered":"\n<p><\/p>\n\n\n\n<p>1259\u00aa Sess\u00e3o Ordin\u00e1ria, de 21\/07\/2021<\/p>\n\n\n\n<p>&nbsp;Processo 030\/010125\/2021 (Espelho do processo 030\/028771\/2018)<\/p>\n\n\n\n<p>Recorrente: MAUR\u00cdCIO MENDON\u00c7A VALEN\u00c7A<\/p>\n\n\n\n<p>Ementa: &#8220;IPTU \u2013 Recurso volunt\u00e1rio e de of\u00edcio \u2013 Lan\u00e7amento complementar \u2013 Erro de processamento pelo sistema informatizado \u2013 Desconsidera\u00e7\u00e3o do n\u00famero de unidades do lote \u2013 Ci\u00eancia anterior do fato juridicamente relevante pela Administra\u00e7\u00e3o P\u00fablica \u2013 Erro de direito \u2013 Inaplicabilidade dos art. 145, III e 149, VIII do CTN e art. 16 do CTM \u2013 Recurso volunt\u00e1rio conhecido e provido \u2013 Recurso de of\u00edcio prejudicado&#8221;.<\/p>\n\n\n\n<p>Inteiro teor: <a href=\"https:\/\/www.fazenda.niteroi.rj.gov.br\/site\/wp-content\/uploads\/2024\/05\/PA-010125.21-FLS.-68-A-117.pdf\">Ac\u00f3rd\u00e3o 2781\/2021<\/a><\/p>\n","protected":false},"excerpt":{"rendered":"<p>&#8220;IPTU \u2013 Recurso volunt\u00e1rio e de of\u00edcio \u2013 Lan\u00e7amento complementar \u2013 Erro de processamento pelo sistema informatizado \u2013 Desconsidera\u00e7\u00e3o do n\u00famero de unidades do lote \u2013 Ci\u00eancia anterior do fato juridicamente relevante pela Administra\u00e7\u00e3o P\u00fablica \u2013 Erro de direito \u2013 Inaplicabilidade dos art. 145, III e 149, VIII do CTN e art. 16 do CTM \u2013 Recurso volunt\u00e1rio conhecido e provido \u2013 Recurso de of\u00edcio prejudicado&#8221;.<\/p>\n","protected":false},"author":4,"featured_media":0,"comment_status":"closed","ping_status":"closed","sticky":false,"template":"","format":"standard","meta":{"_et_pb_use_builder":"","_et_pb_old_content":"","_et_gb_content_width":"","_usar_header_alternativo":false,"footnotes":""},"categories":[131,126],"tags":[],"class_list":["post-26954","post","type-post","status-publish","format-standard","hentry","category-acordaos","category-ccn","et-doesnt-have-format-content","et_post_format-et-post-format-standard"],"_links":{"self":[{"href":"https:\/\/www.fazenda.niteroi.rj.gov.br\/site\/wp-json\/wp\/v2\/posts\/26954","targetHints":{"allow":["GET"]}}],"collection":[{"href":"https:\/\/www.fazenda.niteroi.rj.gov.br\/site\/wp-json\/wp\/v2\/posts"}],"about":[{"href":"https:\/\/www.fazenda.niteroi.rj.gov.br\/site\/wp-json\/wp\/v2\/types\/post"}],"author":[{"embeddable":true,"href":"https:\/\/www.fazenda.niteroi.rj.gov.br\/site\/wp-json\/wp\/v2\/users\/4"}],"replies":[{"embeddable":true,"href":"https:\/\/www.fazenda.niteroi.rj.gov.br\/site\/wp-json\/wp\/v2\/comments?post=26954"}],"version-history":[{"count":1,"href":"https:\/\/www.fazenda.niteroi.rj.gov.br\/site\/wp-json\/wp\/v2\/posts\/26954\/revisions"}],"predecessor-version":[{"id":26956,"href":"https:\/\/www.fazenda.niteroi.rj.gov.br\/site\/wp-json\/wp\/v2\/posts\/26954\/revisions\/26956"}],"wp:attachment":[{"href":"https:\/\/www.fazenda.niteroi.rj.gov.br\/site\/wp-json\/wp\/v2\/media?parent=26954"}],"wp:term":[{"taxonomy":"category","embeddable":true,"href":"https:\/\/www.fazenda.niteroi.rj.gov.br\/site\/wp-json\/wp\/v2\/categories?post=26954"},{"taxonomy":"post_tag","embeddable":true,"href":"https:\/\/www.fazenda.niteroi.rj.gov.br\/site\/wp-json\/wp\/v2\/tags?post=26954"}],"curies":[{"name":"wp","href":"https:\/\/api.w.org\/{rel}","templated":true}]}}