{"id":26996,"date":"2024-05-06T16:12:26","date_gmt":"2024-05-06T19:12:26","guid":{"rendered":"https:\/\/www.fazenda.niteroi.rj.gov.br\/site\/?p=26996"},"modified":"2024-05-06T16:12:48","modified_gmt":"2024-05-06T19:12:48","slug":"acordao-2789-2021","status":"publish","type":"post","link":"https:\/\/www.fazenda.niteroi.rj.gov.br\/site\/acordao-2789-2021\/","title":{"rendered":"Ac\u00f3rd\u00e3o 2789\/2021"},"content":{"rendered":"\n<p>1261\u00aa Sess\u00e3o Ordin\u00e1ria, de 28\/07\/2021<\/p>\n\n\n\n<p>Processo 030\/010121\/2021 (Processo espelho 030\/010273\/2017)<\/p>\n\n\n\n<p>Recorrente: CLAUMIR REPAROS E MONTAGENS INDUSTRIAIS LTDA<\/p>\n\n\n\n<p>Ementa: &#8220;Obriga\u00e7\u00e3o acess\u00f3ria \u2013 Recurso volunt\u00e1rio \u2013 Multa regulamentar \u2013 N\u00e3o-emiss\u00e3o de Nota Fiscal Eletr\u00f4nica (NFS-e) \u2013 Prorroga\u00e7\u00e3o extempor\u00e2nea da A\u00e7\u00e3o Fiscal \u2013 Mero de descumprimento do prazo n\u00e3o invalida, por si s\u00f3, o lan\u00e7amento \u2013 Aus\u00eancia de preju\u00edzo \u2013 Jurisprud\u00eancia do STF e CARF \u2013 Retomada da espontaneidade \u2013 Art. 138, CTN \u2013 V\u00edcio de compet\u00eancia convalidado pela autoriza\u00e7\u00e3o de prorroga\u00e7\u00e3o \u2013 Multa punitiva \u2013 Aplica\u00e7\u00e3o retroativa da Lei Municipal n. 3.461\/19 \u2013 Intelig\u00eancia do art. 106 do CTN \u2013 Redu\u00e7\u00e3o do valor da multa de 2% para o valor de refer\u00eancia M0 por documento fiscal n\u00e3o emitido, limitado a 0,5% (meio por cento) sobre o valor da opera\u00e7\u00e3o \u2013 Recurso conhecido e parcialmente provido&#8221;.<\/p>\n\n\n\n<p>Inteiro teor: <a href=\"https:\/\/www.fazenda.niteroi.rj.gov.br\/site\/wp-content\/uploads\/2024\/05\/PA-010121.21-FLS.-59-A-88.pdf\">Ac\u00f3rd\u00e3o 2789\/2021<\/a><\/p>\n","protected":false},"excerpt":{"rendered":"<p> &#8220;Obriga\u00e7\u00e3o acess\u00f3ria \u2013 Recurso volunt\u00e1rio \u2013 Multa regulamentar \u2013 N\u00e3o-emiss\u00e3o de Nota Fiscal Eletr\u00f4nica (NFS-e) \u2013 Prorroga\u00e7\u00e3o extempor\u00e2nea da A\u00e7\u00e3o Fiscal \u2013 Mero de descumprimento do prazo n\u00e3o invalida, por si s\u00f3, o lan\u00e7amento \u2013 Aus\u00eancia de preju\u00edzo \u2013 Jurisprud\u00eancia do STF e CARF \u2013 Retomada da espontaneidade \u2013 Art. 138, CTN \u2013 V\u00edcio de compet\u00eancia convalidado pela autoriza\u00e7\u00e3o de prorroga\u00e7\u00e3o \u2013 Multa punitiva \u2013 Aplica\u00e7\u00e3o retroativa da Lei Municipal n. 3.461\/19 \u2013 Intelig\u00eancia do art. 106 do CTN \u2013 Redu\u00e7\u00e3o do valor da multa de 2% para o valor de refer\u00eancia M0 por documento fiscal n\u00e3o emitido, limitado a 0,5% (meio por cento) sobre o valor da opera\u00e7\u00e3o \u2013 Recurso conhecido e parcialmente provido&#8221;.<\/p>\n","protected":false},"author":4,"featured_media":0,"comment_status":"closed","ping_status":"closed","sticky":false,"template":"","format":"standard","meta":{"_et_pb_use_builder":"","_et_pb_old_content":"","_et_gb_content_width":"","_usar_header_alternativo":false,"footnotes":""},"categories":[131,126],"tags":[],"class_list":["post-26996","post","type-post","status-publish","format-standard","hentry","category-acordaos","category-ccn","et-doesnt-have-format-content","et_post_format-et-post-format-standard"],"_links":{"self":[{"href":"https:\/\/www.fazenda.niteroi.rj.gov.br\/site\/wp-json\/wp\/v2\/posts\/26996","targetHints":{"allow":["GET"]}}],"collection":[{"href":"https:\/\/www.fazenda.niteroi.rj.gov.br\/site\/wp-json\/wp\/v2\/posts"}],"about":[{"href":"https:\/\/www.fazenda.niteroi.rj.gov.br\/site\/wp-json\/wp\/v2\/types\/post"}],"author":[{"embeddable":true,"href":"https:\/\/www.fazenda.niteroi.rj.gov.br\/site\/wp-json\/wp\/v2\/users\/4"}],"replies":[{"embeddable":true,"href":"https:\/\/www.fazenda.niteroi.rj.gov.br\/site\/wp-json\/wp\/v2\/comments?post=26996"}],"version-history":[{"count":1,"href":"https:\/\/www.fazenda.niteroi.rj.gov.br\/site\/wp-json\/wp\/v2\/posts\/26996\/revisions"}],"predecessor-version":[{"id":26998,"href":"https:\/\/www.fazenda.niteroi.rj.gov.br\/site\/wp-json\/wp\/v2\/posts\/26996\/revisions\/26998"}],"wp:attachment":[{"href":"https:\/\/www.fazenda.niteroi.rj.gov.br\/site\/wp-json\/wp\/v2\/media?parent=26996"}],"wp:term":[{"taxonomy":"category","embeddable":true,"href":"https:\/\/www.fazenda.niteroi.rj.gov.br\/site\/wp-json\/wp\/v2\/categories?post=26996"},{"taxonomy":"post_tag","embeddable":true,"href":"https:\/\/www.fazenda.niteroi.rj.gov.br\/site\/wp-json\/wp\/v2\/tags?post=26996"}],"curies":[{"name":"wp","href":"https:\/\/api.w.org\/{rel}","templated":true}]}}