{"id":27014,"date":"2024-05-06T16:36:15","date_gmt":"2024-05-06T19:36:15","guid":{"rendered":"https:\/\/www.fazenda.niteroi.rj.gov.br\/site\/?p=27014"},"modified":"2024-05-06T16:36:42","modified_gmt":"2024-05-06T19:36:42","slug":"acordao-2795-2021","status":"publish","type":"post","link":"https:\/\/www.fazenda.niteroi.rj.gov.br\/site\/acordao-2795-2021\/","title":{"rendered":"Ac\u00f3rd\u00e3o 2795\/2021"},"content":{"rendered":"\n<p>1263\u00aa Sess\u00e3o Ordin\u00e1ria, de 04\/08\/2021<\/p>\n\n\n\n<p>Processo 030\/006643\/2020<\/p>\n\n\n\n<p>Recorrente: ARY DE SOUZA PENA<\/p>\n\n\n\n<p>Ementa: &#8220;IPTU. Impugna\u00e7\u00e3o de Lan\u00e7amento. Impugna\u00e7\u00e3o intempestiva de IPTU. O artigo 63 da Lei 3368\/2018 prev\u00ea o prazo de 30 (trinta) dias para a apresenta\u00e7\u00e3o de impugna\u00e7\u00e3o a contar da data da ci\u00eancia do lan\u00e7amento complementar. Pedidos de prorroga\u00e7\u00e3o de prazo devem ser protocolados dentro do prazo recursal. Recurso volunt\u00e1rio que se nega provimento&#8221;.<\/p>\n\n\n\n<p>Inteiro teor: <a href=\"https:\/\/www.fazenda.niteroi.rj.gov.br\/site\/wp-content\/uploads\/2024\/05\/PA-06603.18-FISICO.pdf\">Ac\u00f3rd\u00e3o n\u00ba 2795\/2021<\/a><\/p>\n","protected":false},"excerpt":{"rendered":"<p> &#8220;IPTU. Impugna\u00e7\u00e3o de Lan\u00e7amento. Impugna\u00e7\u00e3o intempestiva de IPTU. O artigo 63 da Lei 3368\/2018 prev\u00ea o prazo de 30 (trinta) dias para a apresenta\u00e7\u00e3o de impugna\u00e7\u00e3o a contar da data da ci\u00eancia do lan\u00e7amento complementar. Pedidos de prorroga\u00e7\u00e3o de prazo devem ser protocolados dentro do prazo recursal. Recurso volunt\u00e1rio que se nega provimento&#8221;.<\/p>\n","protected":false},"author":4,"featured_media":0,"comment_status":"closed","ping_status":"closed","sticky":false,"template":"","format":"standard","meta":{"_et_pb_use_builder":"","_et_pb_old_content":"","_et_gb_content_width":"","_usar_header_alternativo":false,"footnotes":""},"categories":[131,126],"tags":[],"class_list":["post-27014","post","type-post","status-publish","format-standard","hentry","category-acordaos","category-ccn","et-doesnt-have-format-content","et_post_format-et-post-format-standard"],"_links":{"self":[{"href":"https:\/\/www.fazenda.niteroi.rj.gov.br\/site\/wp-json\/wp\/v2\/posts\/27014","targetHints":{"allow":["GET"]}}],"collection":[{"href":"https:\/\/www.fazenda.niteroi.rj.gov.br\/site\/wp-json\/wp\/v2\/posts"}],"about":[{"href":"https:\/\/www.fazenda.niteroi.rj.gov.br\/site\/wp-json\/wp\/v2\/types\/post"}],"author":[{"embeddable":true,"href":"https:\/\/www.fazenda.niteroi.rj.gov.br\/site\/wp-json\/wp\/v2\/users\/4"}],"replies":[{"embeddable":true,"href":"https:\/\/www.fazenda.niteroi.rj.gov.br\/site\/wp-json\/wp\/v2\/comments?post=27014"}],"version-history":[{"count":1,"href":"https:\/\/www.fazenda.niteroi.rj.gov.br\/site\/wp-json\/wp\/v2\/posts\/27014\/revisions"}],"predecessor-version":[{"id":27017,"href":"https:\/\/www.fazenda.niteroi.rj.gov.br\/site\/wp-json\/wp\/v2\/posts\/27014\/revisions\/27017"}],"wp:attachment":[{"href":"https:\/\/www.fazenda.niteroi.rj.gov.br\/site\/wp-json\/wp\/v2\/media?parent=27014"}],"wp:term":[{"taxonomy":"category","embeddable":true,"href":"https:\/\/www.fazenda.niteroi.rj.gov.br\/site\/wp-json\/wp\/v2\/categories?post=27014"},{"taxonomy":"post_tag","embeddable":true,"href":"https:\/\/www.fazenda.niteroi.rj.gov.br\/site\/wp-json\/wp\/v2\/tags?post=27014"}],"curies":[{"name":"wp","href":"https:\/\/api.w.org\/{rel}","templated":true}]}}