{"id":27104,"date":"2024-05-07T10:10:39","date_gmt":"2024-05-07T13:10:39","guid":{"rendered":"https:\/\/www.fazenda.niteroi.rj.gov.br\/site\/?p=27104"},"modified":"2024-05-07T10:11:01","modified_gmt":"2024-05-07T13:11:01","slug":"acordao-2818-2021","status":"publish","type":"post","link":"https:\/\/www.fazenda.niteroi.rj.gov.br\/site\/acordao-2818-2021\/","title":{"rendered":"Ac\u00f3rd\u00e3o 2818\/2021"},"content":{"rendered":"\n<p>1271\u00aa Sess\u00e3o Ordin\u00e1ria, de 25\/08\/2021<\/p>\n\n\n\n<p>Processo 030\/010881\/2021 (Espelho do processo 030\/009631\/2018)<\/p>\n\n\n\n<p>Recorrente: HELENA FERREIRA GON\u00c7ALVES DIAS<\/p>\n\n\n\n<p>Ementa: &#8220;IPTU. RECURSO DE OF\u00cdCIO. LAN\u00c7AMENTO ANUAL DE OF\u00cdCIO. EXERC\u00cdCIO DE 2018. DECIS\u00c3O DE PRIMEIRA INST\u00c2NCIA CORRETA QUANTO \u00c0 ATRIBUI\u00c7\u00c3O DOS EFEITOS TRIBUT\u00c1RIOS A CONTAR DE 1\u00ba DE JANEIRO DE 2018. COMPROVA\u00c7\u00c3O PELO SUJEITO PASSIVO DA UTILIZA\u00c7\u00c3O DO IM\u00d3VEL COMO RESIDENCIAL DESDE 2017. PROTOCOLIZA\u00c7\u00c3O DO PEDIDO DE ALTERA\u00c7\u00c3O CADASTRAL NO EXERC\u00cdCIO DE 2017, ANTERIORMENTE AO FATO GERADOR DO IPTU REFERENTE AO EXERC\u00cdCIO DE 2018. RECURSO DE OF\u00cdCIO CONHECIDO E DESPROVIDO&#8221;.<\/p>\n\n\n\n<p>Inteiro teor: <a href=\"https:\/\/www.fazenda.niteroi.rj.gov.br\/site\/wp-content\/uploads\/2024\/05\/PA-010881.21-FLS.-33-A-48.pdf\">Ac\u00f3rd\u00e3o n\u00ba 2818\/2021<\/a><\/p>\n","protected":false},"excerpt":{"rendered":"<p>&#8220;IPTU. RECURSO DE OF\u00cdCIO. LAN\u00c7AMENTO ANUAL DE OF\u00cdCIO. EXERC\u00cdCIO DE 2018. DECIS\u00c3O DE PRIMEIRA INST\u00c2NCIA CORRETA QUANTO \u00c0 ATRIBUI\u00c7\u00c3O DOS EFEITOS TRIBUT\u00c1RIOS A CONTAR DE 1\u00ba DE JANEIRO DE 2018. COMPROVA\u00c7\u00c3O PELO SUJEITO PASSIVO DA UTILIZA\u00c7\u00c3O DO IM\u00d3VEL COMO RESIDENCIAL DESDE 2017. PROTOCOLIZA\u00c7\u00c3O DO PEDIDO DE ALTERA\u00c7\u00c3O CADASTRAL NO EXERC\u00cdCIO DE 2017, ANTERIORMENTE AO FATO GERADOR DO IPTU REFERENTE AO EXERC\u00cdCIO DE 2018. RECURSO DE OF\u00cdCIO CONHECIDO E DESPROVIDO&#8221;.<\/p>\n","protected":false},"author":4,"featured_media":0,"comment_status":"closed","ping_status":"closed","sticky":false,"template":"","format":"standard","meta":{"_et_pb_use_builder":"","_et_pb_old_content":"","_et_gb_content_width":"","_usar_header_alternativo":false,"footnotes":""},"categories":[131,126],"tags":[],"class_list":["post-27104","post","type-post","status-publish","format-standard","hentry","category-acordaos","category-ccn","et-doesnt-have-format-content","et_post_format-et-post-format-standard"],"_links":{"self":[{"href":"https:\/\/www.fazenda.niteroi.rj.gov.br\/site\/wp-json\/wp\/v2\/posts\/27104","targetHints":{"allow":["GET"]}}],"collection":[{"href":"https:\/\/www.fazenda.niteroi.rj.gov.br\/site\/wp-json\/wp\/v2\/posts"}],"about":[{"href":"https:\/\/www.fazenda.niteroi.rj.gov.br\/site\/wp-json\/wp\/v2\/types\/post"}],"author":[{"embeddable":true,"href":"https:\/\/www.fazenda.niteroi.rj.gov.br\/site\/wp-json\/wp\/v2\/users\/4"}],"replies":[{"embeddable":true,"href":"https:\/\/www.fazenda.niteroi.rj.gov.br\/site\/wp-json\/wp\/v2\/comments?post=27104"}],"version-history":[{"count":1,"href":"https:\/\/www.fazenda.niteroi.rj.gov.br\/site\/wp-json\/wp\/v2\/posts\/27104\/revisions"}],"predecessor-version":[{"id":27106,"href":"https:\/\/www.fazenda.niteroi.rj.gov.br\/site\/wp-json\/wp\/v2\/posts\/27104\/revisions\/27106"}],"wp:attachment":[{"href":"https:\/\/www.fazenda.niteroi.rj.gov.br\/site\/wp-json\/wp\/v2\/media?parent=27104"}],"wp:term":[{"taxonomy":"category","embeddable":true,"href":"https:\/\/www.fazenda.niteroi.rj.gov.br\/site\/wp-json\/wp\/v2\/categories?post=27104"},{"taxonomy":"post_tag","embeddable":true,"href":"https:\/\/www.fazenda.niteroi.rj.gov.br\/site\/wp-json\/wp\/v2\/tags?post=27104"}],"curies":[{"name":"wp","href":"https:\/\/api.w.org\/{rel}","templated":true}]}}