{"id":27189,"date":"2024-05-07T13:31:42","date_gmt":"2024-05-07T16:31:42","guid":{"rendered":"https:\/\/www.fazenda.niteroi.rj.gov.br\/site\/?p=27189"},"modified":"2024-05-07T13:32:07","modified_gmt":"2024-05-07T16:32:07","slug":"acordao-2843-2021","status":"publish","type":"post","link":"https:\/\/www.fazenda.niteroi.rj.gov.br\/site\/acordao-2843-2021\/","title":{"rendered":"Ac\u00f3rd\u00e3o 2843\/2021"},"content":{"rendered":"\n<p>1280\u00aa Sess\u00e3o Ordin\u00e1ria, de 29\/09\/2021<\/p>\n\n\n\n<p>Processo 030\/012087\/2021 (Processo espelho 030\/005253\/2018)<\/p>\n\n\n\n<p>Recorrente: WA3 TELEMARKETING E COBRAN\u00c7A LTDA<\/p>\n\n\n\n<p>&nbsp;Ementa: &#8220;ISS. Recurso Volunt\u00e1rio. Auto de Infra\u00e7\u00e3o. Exclus\u00e3o do Simples Nacional com efeitos a partir do m\u00eas de ocorr\u00eancia da infra\u00e7\u00e3o. Recolhimento de ISSQN ao Munic\u00edpio de Niter\u00f3i. Recurso Volunt\u00e1rio conhecido e desprovido&#8221;.<\/p>\n\n\n\n<p>Inteiro teor: <a href=\"https:\/\/www.fazenda.niteroi.rj.gov.br\/site\/wp-content\/uploads\/2024\/05\/PA-012087.21-FLS.-74-A-96.pdf\">Ac\u00f3rd\u00e3o 2843\/2021<\/a><\/p>\n","protected":false},"excerpt":{"rendered":"<p> &#8220;ISS. Recurso Volunt\u00e1rio. Auto de Infra\u00e7\u00e3o. Exclus\u00e3o do Simples Nacional com efeitos a partir do m\u00eas de ocorr\u00eancia da infra\u00e7\u00e3o. Recolhimento de ISSQN ao Munic\u00edpio de Niter\u00f3i. Recurso Volunt\u00e1rio conhecido e desprovido&#8221;<\/p>\n","protected":false},"author":4,"featured_media":0,"comment_status":"closed","ping_status":"closed","sticky":false,"template":"","format":"standard","meta":{"_et_pb_use_builder":"","_et_pb_old_content":"","_et_gb_content_width":"","_usar_header_alternativo":false,"footnotes":""},"categories":[131,126],"tags":[],"class_list":["post-27189","post","type-post","status-publish","format-standard","hentry","category-acordaos","category-ccn","et-doesnt-have-format-content","et_post_format-et-post-format-standard"],"_links":{"self":[{"href":"https:\/\/www.fazenda.niteroi.rj.gov.br\/site\/wp-json\/wp\/v2\/posts\/27189","targetHints":{"allow":["GET"]}}],"collection":[{"href":"https:\/\/www.fazenda.niteroi.rj.gov.br\/site\/wp-json\/wp\/v2\/posts"}],"about":[{"href":"https:\/\/www.fazenda.niteroi.rj.gov.br\/site\/wp-json\/wp\/v2\/types\/post"}],"author":[{"embeddable":true,"href":"https:\/\/www.fazenda.niteroi.rj.gov.br\/site\/wp-json\/wp\/v2\/users\/4"}],"replies":[{"embeddable":true,"href":"https:\/\/www.fazenda.niteroi.rj.gov.br\/site\/wp-json\/wp\/v2\/comments?post=27189"}],"version-history":[{"count":1,"href":"https:\/\/www.fazenda.niteroi.rj.gov.br\/site\/wp-json\/wp\/v2\/posts\/27189\/revisions"}],"predecessor-version":[{"id":27191,"href":"https:\/\/www.fazenda.niteroi.rj.gov.br\/site\/wp-json\/wp\/v2\/posts\/27189\/revisions\/27191"}],"wp:attachment":[{"href":"https:\/\/www.fazenda.niteroi.rj.gov.br\/site\/wp-json\/wp\/v2\/media?parent=27189"}],"wp:term":[{"taxonomy":"category","embeddable":true,"href":"https:\/\/www.fazenda.niteroi.rj.gov.br\/site\/wp-json\/wp\/v2\/categories?post=27189"},{"taxonomy":"post_tag","embeddable":true,"href":"https:\/\/www.fazenda.niteroi.rj.gov.br\/site\/wp-json\/wp\/v2\/tags?post=27189"}],"curies":[{"name":"wp","href":"https:\/\/api.w.org\/{rel}","templated":true}]}}