{"id":27216,"date":"2024-05-07T14:16:46","date_gmt":"2024-05-07T17:16:46","guid":{"rendered":"https:\/\/www.fazenda.niteroi.rj.gov.br\/site\/?p=27216"},"modified":"2024-05-07T14:17:13","modified_gmt":"2024-05-07T17:17:13","slug":"acordao-2850-2021","status":"publish","type":"post","link":"https:\/\/www.fazenda.niteroi.rj.gov.br\/site\/acordao-2850-2021\/","title":{"rendered":"Ac\u00f3rd\u00e3o 2850\/2021"},"content":{"rendered":"\n<p>1283\u00aa Sess\u00e3o Ordin\u00e1ria, de 04\/10\/2021<\/p>\n\n\n\n<p>Processo 030\/006848\/2021<\/p>\n\n\n\n<p>Recorrente: NELSON GUIMAR\u00c3ES VICTOR DE OLIVEIRA<\/p>\n\n\n\n<p>&nbsp;Ementa: &#8220;ITBI. REVIS\u00c3O. Quest\u00f5es de cunho personal\u00edssimo como dificuldades financeiras ou mesmo crises recorrentes da pandemia da covid-19, n\u00e3o s\u00e3o argumentos jur\u00eddicos ou f\u00e1ticos suficientes para se contrapor ao bem elaborado laudo de avalia\u00e7\u00e3o do im\u00f3vel realizado pelo \u00f3rg\u00e3o fazend\u00e1rio. Recurso Volunt\u00e1rio que se nega provimento&#8221;.<\/p>\n\n\n\n<p>Inteiro teor: <a href=\"https:\/\/www.fazenda.niteroi.rj.gov.br\/site\/wp-content\/uploads\/2024\/05\/PA-06848.21-FLS.-115-A-134.pdf\">Ac\u00f3rd\u00e3o n\u00ba 2850\/2021<\/a><\/p>\n","protected":false},"excerpt":{"rendered":"<p> &#8220;ITBI. REVIS\u00c3O. Quest\u00f5es de cunho personal\u00edssimo como dificuldades financeiras ou mesmo crises recorrentes da pandemia da covid-19, n\u00e3o s\u00e3o argumentos jur\u00eddicos ou f\u00e1ticos suficientes para se contrapor ao bem elaborado laudo de avalia\u00e7\u00e3o do im\u00f3vel realizado pelo \u00f3rg\u00e3o fazend\u00e1rio. Recurso Volunt\u00e1rio que se nega provimento&#8221;.<\/p>\n","protected":false},"author":4,"featured_media":0,"comment_status":"closed","ping_status":"closed","sticky":false,"template":"","format":"standard","meta":{"_et_pb_use_builder":"","_et_pb_old_content":"","_et_gb_content_width":"","_usar_header_alternativo":false,"footnotes":""},"categories":[131,126],"tags":[],"class_list":["post-27216","post","type-post","status-publish","format-standard","hentry","category-acordaos","category-ccn","et-doesnt-have-format-content","et_post_format-et-post-format-standard"],"_links":{"self":[{"href":"https:\/\/www.fazenda.niteroi.rj.gov.br\/site\/wp-json\/wp\/v2\/posts\/27216","targetHints":{"allow":["GET"]}}],"collection":[{"href":"https:\/\/www.fazenda.niteroi.rj.gov.br\/site\/wp-json\/wp\/v2\/posts"}],"about":[{"href":"https:\/\/www.fazenda.niteroi.rj.gov.br\/site\/wp-json\/wp\/v2\/types\/post"}],"author":[{"embeddable":true,"href":"https:\/\/www.fazenda.niteroi.rj.gov.br\/site\/wp-json\/wp\/v2\/users\/4"}],"replies":[{"embeddable":true,"href":"https:\/\/www.fazenda.niteroi.rj.gov.br\/site\/wp-json\/wp\/v2\/comments?post=27216"}],"version-history":[{"count":1,"href":"https:\/\/www.fazenda.niteroi.rj.gov.br\/site\/wp-json\/wp\/v2\/posts\/27216\/revisions"}],"predecessor-version":[{"id":27218,"href":"https:\/\/www.fazenda.niteroi.rj.gov.br\/site\/wp-json\/wp\/v2\/posts\/27216\/revisions\/27218"}],"wp:attachment":[{"href":"https:\/\/www.fazenda.niteroi.rj.gov.br\/site\/wp-json\/wp\/v2\/media?parent=27216"}],"wp:term":[{"taxonomy":"category","embeddable":true,"href":"https:\/\/www.fazenda.niteroi.rj.gov.br\/site\/wp-json\/wp\/v2\/categories?post=27216"},{"taxonomy":"post_tag","embeddable":true,"href":"https:\/\/www.fazenda.niteroi.rj.gov.br\/site\/wp-json\/wp\/v2\/tags?post=27216"}],"curies":[{"name":"wp","href":"https:\/\/api.w.org\/{rel}","templated":true}]}}