{"id":27291,"date":"2024-05-08T14:46:07","date_gmt":"2024-05-08T17:46:07","guid":{"rendered":"https:\/\/www.fazenda.niteroi.rj.gov.br\/site\/?p=27291"},"modified":"2024-05-08T14:46:27","modified_gmt":"2024-05-08T17:46:27","slug":"acordao-2867-2021","status":"publish","type":"post","link":"https:\/\/www.fazenda.niteroi.rj.gov.br\/site\/acordao-2867-2021\/","title":{"rendered":"Ac\u00f3rd\u00e3o 2867\/2021"},"content":{"rendered":"\n<p>1290\u00aa Sess\u00e3o Ordin\u00e1ria, de 03\/11\/2021<\/p>\n\n\n\n<p>Processo 030\/005713\/2020<\/p>\n\n\n\n<p>Recorrente: SAL\u00c3O DE BELEZA NOVO VISUAL FASHION LTDA<\/p>\n\n\n\n<p>Ementa: &#8220;EXCLUS\u00c3O DO SIMPLES. Se o procedimento da exclus\u00e3o observou rigorosamente a previs\u00e3o dos artigos 28 \u00e0 32 da Lei Complementar n\u00ba 123\/06, deve ser confirmada. Recurso Volunt\u00e1rio que se nega provimento&#8221;.<\/p>\n\n\n\n<p>Inteiro teor: <a href=\"https:\/\/www.fazenda.niteroi.rj.gov.br\/site\/wp-content\/uploads\/2024\/05\/PA-05713.20-FLS.-110-A-131-1.pdf\">Ac\u00f3rd\u00e3o 2867\/2021<\/a><\/p>\n","protected":false},"excerpt":{"rendered":"<p>EXCLUS\u00c3O DO SIMPLES. Se o procedimento da exclus\u00e3o observou rigorosamente a previs\u00e3o dos artigos 28 \u00e0 32 da Lei Complementar n\u00ba 123\/06, deve ser confirmada. Recurso Volunt\u00e1rio que se nega provimento&#8221;.<\/p>\n","protected":false},"author":4,"featured_media":0,"comment_status":"closed","ping_status":"closed","sticky":false,"template":"","format":"standard","meta":{"_et_pb_use_builder":"","_et_pb_old_content":"","_et_gb_content_width":"","_usar_header_alternativo":false,"footnotes":""},"categories":[131,126],"tags":[],"class_list":["post-27291","post","type-post","status-publish","format-standard","hentry","category-acordaos","category-ccn","et-doesnt-have-format-content","et_post_format-et-post-format-standard"],"_links":{"self":[{"href":"https:\/\/www.fazenda.niteroi.rj.gov.br\/site\/wp-json\/wp\/v2\/posts\/27291","targetHints":{"allow":["GET"]}}],"collection":[{"href":"https:\/\/www.fazenda.niteroi.rj.gov.br\/site\/wp-json\/wp\/v2\/posts"}],"about":[{"href":"https:\/\/www.fazenda.niteroi.rj.gov.br\/site\/wp-json\/wp\/v2\/types\/post"}],"author":[{"embeddable":true,"href":"https:\/\/www.fazenda.niteroi.rj.gov.br\/site\/wp-json\/wp\/v2\/users\/4"}],"replies":[{"embeddable":true,"href":"https:\/\/www.fazenda.niteroi.rj.gov.br\/site\/wp-json\/wp\/v2\/comments?post=27291"}],"version-history":[{"count":2,"href":"https:\/\/www.fazenda.niteroi.rj.gov.br\/site\/wp-json\/wp\/v2\/posts\/27291\/revisions"}],"predecessor-version":[{"id":27299,"href":"https:\/\/www.fazenda.niteroi.rj.gov.br\/site\/wp-json\/wp\/v2\/posts\/27291\/revisions\/27299"}],"wp:attachment":[{"href":"https:\/\/www.fazenda.niteroi.rj.gov.br\/site\/wp-json\/wp\/v2\/media?parent=27291"}],"wp:term":[{"taxonomy":"category","embeddable":true,"href":"https:\/\/www.fazenda.niteroi.rj.gov.br\/site\/wp-json\/wp\/v2\/categories?post=27291"},{"taxonomy":"post_tag","embeddable":true,"href":"https:\/\/www.fazenda.niteroi.rj.gov.br\/site\/wp-json\/wp\/v2\/tags?post=27291"}],"curies":[{"name":"wp","href":"https:\/\/api.w.org\/{rel}","templated":true}]}}