{"id":27599,"date":"2024-05-20T14:36:09","date_gmt":"2024-05-20T17:36:09","guid":{"rendered":"https:\/\/www.fazenda.niteroi.rj.gov.br\/site\/?p=27599"},"modified":"2024-05-20T14:36:38","modified_gmt":"2024-05-20T17:36:38","slug":"congresso-carioca-de-gestao-publica","status":"publish","type":"post","link":"https:\/\/www.fazenda.niteroi.rj.gov.br\/site\/congresso-carioca-de-gestao-publica\/","title":{"rendered":"Congresso Carioca de Gest\u00e3o P\u00fablica"},"content":{"rendered":"\n<p>A Secretaria de Fazenda de Niter\u00f3i estar\u00e1 presente na segunda edi\u00e7\u00e3o do Congresso Carioca de Gest\u00e3o P\u00fablica, nos dias 22 e 23 de maio!<\/p>\n\n\n\n<p>O Congresso vai explorar os principais conceitos que moldam a gest\u00e3o p\u00fablica carioca: lideran\u00e7a, transversalidade e inova\u00e7\u00e3o! Al\u00e9m disso, proporcionar\u00e1 a oportunidade de conhecer cases e projetos realizados na Prefeitura do Rio, com mais de 12 \u00f3rg\u00e3os envolvidos e trabalhos implementados por representantes de diversas institui\u00e7\u00f5es.<\/p>\n\n\n\n<p>O evento reunir\u00e1 especialistas da Prefeitura do Rio, Governo Federal, Terceiro Setor e Academia distribu\u00eddos em semin\u00e1rios, palestras e mesas redondas. Dentre os palestrantes, a SMF ser\u00e1 representada pela Secret\u00e1ria de Fazenda, Mar\u00edlia Ortiz.<\/p>\n\n\n\n<figure class=\"wp-block-gallery has-nested-images columns-default is-cropped wp-block-gallery-1 is-layout-flex wp-block-gallery-is-layout-flex\">\n<figure class=\"wp-block-image size-large\"><a href=\"https:\/\/www.fazenda.niteroi.rj.gov.br\/site\/wp-content\/uploads\/2024\/05\/Snapinsta.app_440869582_842451171046589_1947747437128070545_n_1080.jpg\"><img loading=\"lazy\" decoding=\"async\" width=\"600\" height=\"600\" data-id=\"27601\" src=\"https:\/\/www.fazenda.niteroi.rj.gov.br\/site\/wp-content\/uploads\/2024\/05\/Snapinsta.app_440869582_842451171046589_1947747437128070545_n_1080-600x600.jpg\" alt=\"\" class=\"wp-image-27601\" srcset=\"https:\/\/www.fazenda.niteroi.rj.gov.br\/site\/wp-content\/uploads\/2024\/05\/Snapinsta.app_440869582_842451171046589_1947747437128070545_n_1080-600x600.jpg 600w, https:\/\/www.fazenda.niteroi.rj.gov.br\/site\/wp-content\/uploads\/2024\/05\/Snapinsta.app_440869582_842451171046589_1947747437128070545_n_1080-300x300.jpg 300w, https:\/\/www.fazenda.niteroi.rj.gov.br\/site\/wp-content\/uploads\/2024\/05\/Snapinsta.app_440869582_842451171046589_1947747437128070545_n_1080-150x150.jpg 150w, https:\/\/www.fazenda.niteroi.rj.gov.br\/site\/wp-content\/uploads\/2024\/05\/Snapinsta.app_440869582_842451171046589_1947747437128070545_n_1080-768x768.jpg 768w, https:\/\/www.fazenda.niteroi.rj.gov.br\/site\/wp-content\/uploads\/2024\/05\/Snapinsta.app_440869582_842451171046589_1947747437128070545_n_1080-440x440.jpg 440w, https:\/\/www.fazenda.niteroi.rj.gov.br\/site\/wp-content\/uploads\/2024\/05\/Snapinsta.app_440869582_842451171046589_1947747437128070545_n_1080.jpg 1080w\" sizes=\"auto, (max-width: 600px) 100vw, 600px\" \/><\/a><\/figure>\n\n\n\n<figure class=\"wp-block-image size-large\"><a href=\"https:\/\/www.fazenda.niteroi.rj.gov.br\/site\/wp-content\/uploads\/2024\/05\/Snapinsta.app_440995326_326857277090571_3464065566416504915_n_1080.jpg\"><img loading=\"lazy\" decoding=\"async\" width=\"600\" height=\"600\" data-id=\"27602\" src=\"https:\/\/www.fazenda.niteroi.rj.gov.br\/site\/wp-content\/uploads\/2024\/05\/Snapinsta.app_440995326_326857277090571_3464065566416504915_n_1080-600x600.jpg\" alt=\"\" class=\"wp-image-27602\" srcset=\"https:\/\/www.fazenda.niteroi.rj.gov.br\/site\/wp-content\/uploads\/2024\/05\/Snapinsta.app_440995326_326857277090571_3464065566416504915_n_1080-600x600.jpg 600w, https:\/\/www.fazenda.niteroi.rj.gov.br\/site\/wp-content\/uploads\/2024\/05\/Snapinsta.app_440995326_326857277090571_3464065566416504915_n_1080-300x300.jpg 300w, https:\/\/www.fazenda.niteroi.rj.gov.br\/site\/wp-content\/uploads\/2024\/05\/Snapinsta.app_440995326_326857277090571_3464065566416504915_n_1080-150x150.jpg 150w, https:\/\/www.fazenda.niteroi.rj.gov.br\/site\/wp-content\/uploads\/2024\/05\/Snapinsta.app_440995326_326857277090571_3464065566416504915_n_1080-768x768.jpg 768w, https:\/\/www.fazenda.niteroi.rj.gov.br\/site\/wp-content\/uploads\/2024\/05\/Snapinsta.app_440995326_326857277090571_3464065566416504915_n_1080-440x440.jpg 440w, https:\/\/www.fazenda.niteroi.rj.gov.br\/site\/wp-content\/uploads\/2024\/05\/Snapinsta.app_440995326_326857277090571_3464065566416504915_n_1080.jpg 1080w\" sizes=\"auto, (max-width: 600px) 100vw, 600px\" \/><\/a><\/figure>\n<\/figure>\n\n\n\n<p>Datas: 22 e 23 de maio<br>Hor\u00e1rio: Das 8h30 \u00e0s 17h<br>Local: Museu do Amanh\u00e3<\/p>\n\n\n\n<p>Arraste para o lado e confira a programa\u00e7\u00e3o completa!<\/p>\n\n\n\n<p>Acesse o link http:\/\/www.congresso-carioca-de-gestao-publica.com\/ e participe!<\/p>\n","protected":false},"excerpt":{"rendered":"<p>A Secretaria de Fazenda de Niter\u00f3i estar\u00e1 presente na segunda edi\u00e7\u00e3o do Congresso Carioca de Gest\u00e3o P\u00fablica, nos dias 22 e 23 de maio! O Congresso vai explorar os principais [&hellip;]<\/p>\n","protected":false},"author":38,"featured_media":27600,"comment_status":"closed","ping_status":"closed","sticky":false,"template":"","format":"standard","meta":{"_et_pb_use_builder":"","_et_pb_old_content":"","_et_gb_content_width":"","_usar_header_alternativo":false,"footnotes":""},"categories":[10],"tags":[],"class_list":["post-27599","post","type-post","status-publish","format-standard","has-post-thumbnail","hentry","category-noticias","et-has-post-format-content","et_post_format-et-post-format-standard"],"_links":{"self":[{"href":"https:\/\/www.fazenda.niteroi.rj.gov.br\/site\/wp-json\/wp\/v2\/posts\/27599","targetHints":{"allow":["GET"]}}],"collection":[{"href":"https:\/\/www.fazenda.niteroi.rj.gov.br\/site\/wp-json\/wp\/v2\/posts"}],"about":[{"href":"https:\/\/www.fazenda.niteroi.rj.gov.br\/site\/wp-json\/wp\/v2\/types\/post"}],"author":[{"embeddable":true,"href":"https:\/\/www.fazenda.niteroi.rj.gov.br\/site\/wp-json\/wp\/v2\/users\/38"}],"replies":[{"embeddable":true,"href":"https:\/\/www.fazenda.niteroi.rj.gov.br\/site\/wp-json\/wp\/v2\/comments?post=27599"}],"version-history":[{"count":1,"href":"https:\/\/www.fazenda.niteroi.rj.gov.br\/site\/wp-json\/wp\/v2\/posts\/27599\/revisions"}],"predecessor-version":[{"id":27603,"href":"https:\/\/www.fazenda.niteroi.rj.gov.br\/site\/wp-json\/wp\/v2\/posts\/27599\/revisions\/27603"}],"wp:featuredmedia":[{"embeddable":true,"href":"https:\/\/www.fazenda.niteroi.rj.gov.br\/site\/wp-json\/wp\/v2\/media\/27600"}],"wp:attachment":[{"href":"https:\/\/www.fazenda.niteroi.rj.gov.br\/site\/wp-json\/wp\/v2\/media?parent=27599"}],"wp:term":[{"taxonomy":"category","embeddable":true,"href":"https:\/\/www.fazenda.niteroi.rj.gov.br\/site\/wp-json\/wp\/v2\/categories?post=27599"},{"taxonomy":"post_tag","embeddable":true,"href":"https:\/\/www.fazenda.niteroi.rj.gov.br\/site\/wp-json\/wp\/v2\/tags?post=27599"}],"curies":[{"name":"wp","href":"https:\/\/api.w.org\/{rel}","templated":true}]}}