{"id":27936,"date":"2024-06-10T15:28:14","date_gmt":"2024-06-10T18:28:14","guid":{"rendered":"https:\/\/www.fazenda.niteroi.rj.gov.br\/site\/?p=27936"},"modified":"2024-06-10T15:28:41","modified_gmt":"2024-06-10T18:28:41","slug":"vaga-de-estagio-na-smf","status":"publish","type":"post","link":"https:\/\/www.fazenda.niteroi.rj.gov.br\/site\/vaga-de-estagio-na-smf\/","title":{"rendered":"Vaga de Est\u00e1gio na SMF!"},"content":{"rendered":"\n<p>Oportunidade de vaga de est\u00e1gio na Secretaria Municipal de Fazenda!<\/p>\n\n\n\n<p>O(a) Estagi\u00e1rio(a) do Departamento de Finan\u00e7as (DEFIN) dever\u00e1 auxiliar nas atividades cotidianas da Subsecretaria de Contabilidade, produzindo relat\u00f3rios, elaborando boletins, entre outras fun\u00e7\u00f5es.<\/p>\n\n\n\n<p>Hor\u00e1rio: 30 horas semanais<br>Valor da Bolsa: R$1000,00<br>Aux\u00edlio transporte: R$178,20<\/p>\n\n\n\n<p>INTERESSADOS (AS) DEVER\u00c3O ENVIAR O CURR\u00cdCULO AT\u00c9 12\/06\/2024 PARA O E-MAIL:<\/p>\n\n\n\n<p>defin@fazenda.niteroi.rj.gov.br<\/p>\n\n\n\n<p>Valorizamos a diversidade no ambiente de trabalho e encorajamos a candidatura de mulheres, negros, pessoas de todas as culturas, origens e experi\u00eancias. <\/p>\n\n\n\n<figure class=\"wp-block-gallery has-nested-images columns-default is-cropped wp-block-gallery-1 is-layout-flex wp-block-gallery-is-layout-flex\">\n<figure class=\"wp-block-image size-large\"><a href=\"https:\/\/www.fazenda.niteroi.rj.gov.br\/site\/wp-content\/uploads\/2024\/06\/4d746c1e-509b-4017-9594-523b3a5caf40.jpg\"><img loading=\"lazy\" decoding=\"async\" width=\"600\" height=\"600\" data-id=\"27939\" src=\"https:\/\/www.fazenda.niteroi.rj.gov.br\/site\/wp-content\/uploads\/2024\/06\/4d746c1e-509b-4017-9594-523b3a5caf40-600x600.jpg\" alt=\"\" class=\"wp-image-27939\" srcset=\"https:\/\/www.fazenda.niteroi.rj.gov.br\/site\/wp-content\/uploads\/2024\/06\/4d746c1e-509b-4017-9594-523b3a5caf40-600x600.jpg 600w, https:\/\/www.fazenda.niteroi.rj.gov.br\/site\/wp-content\/uploads\/2024\/06\/4d746c1e-509b-4017-9594-523b3a5caf40-300x300.jpg 300w, https:\/\/www.fazenda.niteroi.rj.gov.br\/site\/wp-content\/uploads\/2024\/06\/4d746c1e-509b-4017-9594-523b3a5caf40-150x150.jpg 150w, https:\/\/www.fazenda.niteroi.rj.gov.br\/site\/wp-content\/uploads\/2024\/06\/4d746c1e-509b-4017-9594-523b3a5caf40-768x768.jpg 768w, https:\/\/www.fazenda.niteroi.rj.gov.br\/site\/wp-content\/uploads\/2024\/06\/4d746c1e-509b-4017-9594-523b3a5caf40-440x440.jpg 440w, https:\/\/www.fazenda.niteroi.rj.gov.br\/site\/wp-content\/uploads\/2024\/06\/4d746c1e-509b-4017-9594-523b3a5caf40.jpg 1080w\" sizes=\"auto, (max-width: 600px) 100vw, 600px\" \/><\/a><\/figure>\n\n\n\n<figure class=\"wp-block-image size-large\"><a href=\"https:\/\/www.fazenda.niteroi.rj.gov.br\/site\/wp-content\/uploads\/2024\/06\/675256c8-c01a-4522-992d-ae9e70ff03f3.jpg\"><img loading=\"lazy\" decoding=\"async\" width=\"600\" height=\"600\" data-id=\"27938\" src=\"https:\/\/www.fazenda.niteroi.rj.gov.br\/site\/wp-content\/uploads\/2024\/06\/675256c8-c01a-4522-992d-ae9e70ff03f3-600x600.jpg\" alt=\"\" class=\"wp-image-27938\" srcset=\"https:\/\/www.fazenda.niteroi.rj.gov.br\/site\/wp-content\/uploads\/2024\/06\/675256c8-c01a-4522-992d-ae9e70ff03f3-600x600.jpg 600w, https:\/\/www.fazenda.niteroi.rj.gov.br\/site\/wp-content\/uploads\/2024\/06\/675256c8-c01a-4522-992d-ae9e70ff03f3-300x300.jpg 300w, https:\/\/www.fazenda.niteroi.rj.gov.br\/site\/wp-content\/uploads\/2024\/06\/675256c8-c01a-4522-992d-ae9e70ff03f3-150x150.jpg 150w, https:\/\/www.fazenda.niteroi.rj.gov.br\/site\/wp-content\/uploads\/2024\/06\/675256c8-c01a-4522-992d-ae9e70ff03f3-768x768.jpg 768w, https:\/\/www.fazenda.niteroi.rj.gov.br\/site\/wp-content\/uploads\/2024\/06\/675256c8-c01a-4522-992d-ae9e70ff03f3-440x440.jpg 440w, https:\/\/www.fazenda.niteroi.rj.gov.br\/site\/wp-content\/uploads\/2024\/06\/675256c8-c01a-4522-992d-ae9e70ff03f3.jpg 1080w\" sizes=\"auto, (max-width: 600px) 100vw, 600px\" \/><\/a><\/figure>\n<\/figure>\n","protected":false},"excerpt":{"rendered":"<p>Oportunidade de vaga de est\u00e1gio na Secretaria Municipal de Fazenda! O(a) Estagi\u00e1rio(a) do Departamento de Finan\u00e7as (DEFIN) dever\u00e1 auxiliar nas atividades cotidianas da Subsecretaria de Contabilidade, produzindo relat\u00f3rios, elaborando boletins, [&hellip;]<\/p>\n","protected":false},"author":38,"featured_media":27937,"comment_status":"closed","ping_status":"closed","sticky":false,"template":"","format":"standard","meta":{"_et_pb_use_builder":"","_et_pb_old_content":"","_et_gb_content_width":"","_usar_header_alternativo":false,"footnotes":""},"categories":[10],"tags":[],"class_list":["post-27936","post","type-post","status-publish","format-standard","has-post-thumbnail","hentry","category-noticias","et-has-post-format-content","et_post_format-et-post-format-standard"],"_links":{"self":[{"href":"https:\/\/www.fazenda.niteroi.rj.gov.br\/site\/wp-json\/wp\/v2\/posts\/27936","targetHints":{"allow":["GET"]}}],"collection":[{"href":"https:\/\/www.fazenda.niteroi.rj.gov.br\/site\/wp-json\/wp\/v2\/posts"}],"about":[{"href":"https:\/\/www.fazenda.niteroi.rj.gov.br\/site\/wp-json\/wp\/v2\/types\/post"}],"author":[{"embeddable":true,"href":"https:\/\/www.fazenda.niteroi.rj.gov.br\/site\/wp-json\/wp\/v2\/users\/38"}],"replies":[{"embeddable":true,"href":"https:\/\/www.fazenda.niteroi.rj.gov.br\/site\/wp-json\/wp\/v2\/comments?post=27936"}],"version-history":[{"count":1,"href":"https:\/\/www.fazenda.niteroi.rj.gov.br\/site\/wp-json\/wp\/v2\/posts\/27936\/revisions"}],"predecessor-version":[{"id":27940,"href":"https:\/\/www.fazenda.niteroi.rj.gov.br\/site\/wp-json\/wp\/v2\/posts\/27936\/revisions\/27940"}],"wp:featuredmedia":[{"embeddable":true,"href":"https:\/\/www.fazenda.niteroi.rj.gov.br\/site\/wp-json\/wp\/v2\/media\/27937"}],"wp:attachment":[{"href":"https:\/\/www.fazenda.niteroi.rj.gov.br\/site\/wp-json\/wp\/v2\/media?parent=27936"}],"wp:term":[{"taxonomy":"category","embeddable":true,"href":"https:\/\/www.fazenda.niteroi.rj.gov.br\/site\/wp-json\/wp\/v2\/categories?post=27936"},{"taxonomy":"post_tag","embeddable":true,"href":"https:\/\/www.fazenda.niteroi.rj.gov.br\/site\/wp-json\/wp\/v2\/tags?post=27936"}],"curies":[{"name":"wp","href":"https:\/\/api.w.org\/{rel}","templated":true}]}}