{"id":27947,"date":"2024-06-11T10:32:18","date_gmt":"2024-06-11T13:32:18","guid":{"rendered":"https:\/\/www.fazenda.niteroi.rj.gov.br\/site\/?p=27947"},"modified":"2024-06-11T10:32:40","modified_gmt":"2024-06-11T13:32:40","slug":"agenda-11-06-2024-terca-feira","status":"publish","type":"post","link":"https:\/\/www.fazenda.niteroi.rj.gov.br\/site\/agenda-11-06-2024-terca-feira\/","title":{"rendered":"Agenda 11.06.2024 Ter\u00e7a &#8211; feira"},"content":{"rendered":"\n<p>10h<br>Reuni\u00e3o com o Subs. de Finan\u00e7as Sr. Heitor Pereira, Assessor Sr. J\u00falio Oliveira, Diretor de Controle Interno Sr. Pedro Reys, Fiscal de Posturas Sra. Eduarda Sut.<br>Pauta: Reuni\u00e3o Concilia\u00e7\u00e3o Banc\u00e1ria<br>Local: SMF<\/p>\n\n\n\n<p>11h30<br>Despacho interno com o Gabinete<\/p>\n\n\n\n<p>14h<br>Reuni\u00e3o com a Diretora da CAPI &#8211; Sra. Elisabeth Poubel e Procuradora &#8211; Sra. Ana Clara<br>Pauta: Estacionamento<br>Local: SMF<\/p>\n\n\n\n<p>18h<br>Formatura dos Alunos ECOSOCIAL 2\u00aa fase<br>Local: Sala Nelson Pereira dos Santos<\/p>\n","protected":false},"excerpt":{"rendered":"<p>10hReuni\u00e3o com o Subs. de Finan\u00e7as Sr. Heitor Pereira, Assessor Sr. J\u00falio Oliveira, Diretor de Controle Interno Sr. Pedro Reys, Fiscal de Posturas Sra. Eduarda Sut.Pauta: Reuni\u00e3o Concilia\u00e7\u00e3o Banc\u00e1riaLocal: SMF [&hellip;]<\/p>\n","protected":false},"author":38,"featured_media":0,"comment_status":"closed","ping_status":"closed","sticky":false,"template":"","format":"standard","meta":{"_et_pb_use_builder":"","_et_pb_old_content":"","_et_gb_content_width":"","_usar_header_alternativo":false,"footnotes":""},"categories":[394],"tags":[397,452],"class_list":["post-27947","post","type-post","status-publish","format-standard","hentry","category-agenda","tag-agenda-da-secretaria","tag-transparencia","et-doesnt-have-format-content","et_post_format-et-post-format-standard"],"_links":{"self":[{"href":"https:\/\/www.fazenda.niteroi.rj.gov.br\/site\/wp-json\/wp\/v2\/posts\/27947","targetHints":{"allow":["GET"]}}],"collection":[{"href":"https:\/\/www.fazenda.niteroi.rj.gov.br\/site\/wp-json\/wp\/v2\/posts"}],"about":[{"href":"https:\/\/www.fazenda.niteroi.rj.gov.br\/site\/wp-json\/wp\/v2\/types\/post"}],"author":[{"embeddable":true,"href":"https:\/\/www.fazenda.niteroi.rj.gov.br\/site\/wp-json\/wp\/v2\/users\/38"}],"replies":[{"embeddable":true,"href":"https:\/\/www.fazenda.niteroi.rj.gov.br\/site\/wp-json\/wp\/v2\/comments?post=27947"}],"version-history":[{"count":1,"href":"https:\/\/www.fazenda.niteroi.rj.gov.br\/site\/wp-json\/wp\/v2\/posts\/27947\/revisions"}],"predecessor-version":[{"id":27948,"href":"https:\/\/www.fazenda.niteroi.rj.gov.br\/site\/wp-json\/wp\/v2\/posts\/27947\/revisions\/27948"}],"wp:attachment":[{"href":"https:\/\/www.fazenda.niteroi.rj.gov.br\/site\/wp-json\/wp\/v2\/media?parent=27947"}],"wp:term":[{"taxonomy":"category","embeddable":true,"href":"https:\/\/www.fazenda.niteroi.rj.gov.br\/site\/wp-json\/wp\/v2\/categories?post=27947"},{"taxonomy":"post_tag","embeddable":true,"href":"https:\/\/www.fazenda.niteroi.rj.gov.br\/site\/wp-json\/wp\/v2\/tags?post=27947"}],"curies":[{"name":"wp","href":"https:\/\/api.w.org\/{rel}","templated":true}]}}