{"id":28016,"date":"2024-06-19T14:38:49","date_gmt":"2024-06-19T17:38:49","guid":{"rendered":"https:\/\/www.fazenda.niteroi.rj.gov.br\/site\/?p=28016"},"modified":"2024-06-19T14:39:14","modified_gmt":"2024-06-19T17:39:14","slug":"agenda-19-06-2024-quarta-feira","status":"publish","type":"post","link":"https:\/\/www.fazenda.niteroi.rj.gov.br\/site\/agenda-19-06-2024-quarta-feira\/","title":{"rendered":"Agenda 19.06.2024 Quarta &#8211; Feira"},"content":{"rendered":"\n<p>10h30<br>Despacho interno gabinete<\/p>\n\n\n\n<p>11h<br>Despacho com o Diretor de Controle Interno Sr. Pedro Reys<\/p>\n\n\n\n<p>14h30<br>Audi\u00eancia P\u00fablica &#8211; ICMS Petr\u00f3polis<br>Videoconfer\u00eancia<\/p>\n\n\n\n<p>16h<br>Despacho interno com a Diretora de Comunica\u00e7\u00e3o Sra. Fernanda Fraga<br>Pauta: Festival ODS<\/p>\n\n\n\n<p>17h<br>Reuni\u00e3o com Leandro Ferreira; Fernando Amorim Teixeira, Paul Katz, Jorge Arbache; Subs de Finan\u00e7as \u2013 Heitor Moreira<br>Pauta: BNDES\/CAF\/P\u00e1tria<br>Videoconfer\u00eancia<\/p>\n","protected":false},"excerpt":{"rendered":"<p>10h30Despacho interno gabinete 11hDespacho com o Diretor de Controle Interno Sr. Pedro Reys 14h30Audi\u00eancia P\u00fablica &#8211; ICMS Petr\u00f3polisVideoconfer\u00eancia 16hDespacho interno com a Diretora de Comunica\u00e7\u00e3o Sra. Fernanda FragaPauta: Festival ODS [&hellip;]<\/p>\n","protected":false},"author":38,"featured_media":0,"comment_status":"closed","ping_status":"closed","sticky":false,"template":"","format":"standard","meta":{"_et_pb_use_builder":"","_et_pb_old_content":"","_et_gb_content_width":"","_usar_header_alternativo":false,"footnotes":""},"categories":[394],"tags":[397,452],"class_list":["post-28016","post","type-post","status-publish","format-standard","hentry","category-agenda","tag-agenda-da-secretaria","tag-transparencia","et-doesnt-have-format-content","et_post_format-et-post-format-standard"],"_links":{"self":[{"href":"https:\/\/www.fazenda.niteroi.rj.gov.br\/site\/wp-json\/wp\/v2\/posts\/28016","targetHints":{"allow":["GET"]}}],"collection":[{"href":"https:\/\/www.fazenda.niteroi.rj.gov.br\/site\/wp-json\/wp\/v2\/posts"}],"about":[{"href":"https:\/\/www.fazenda.niteroi.rj.gov.br\/site\/wp-json\/wp\/v2\/types\/post"}],"author":[{"embeddable":true,"href":"https:\/\/www.fazenda.niteroi.rj.gov.br\/site\/wp-json\/wp\/v2\/users\/38"}],"replies":[{"embeddable":true,"href":"https:\/\/www.fazenda.niteroi.rj.gov.br\/site\/wp-json\/wp\/v2\/comments?post=28016"}],"version-history":[{"count":1,"href":"https:\/\/www.fazenda.niteroi.rj.gov.br\/site\/wp-json\/wp\/v2\/posts\/28016\/revisions"}],"predecessor-version":[{"id":28017,"href":"https:\/\/www.fazenda.niteroi.rj.gov.br\/site\/wp-json\/wp\/v2\/posts\/28016\/revisions\/28017"}],"wp:attachment":[{"href":"https:\/\/www.fazenda.niteroi.rj.gov.br\/site\/wp-json\/wp\/v2\/media?parent=28016"}],"wp:term":[{"taxonomy":"category","embeddable":true,"href":"https:\/\/www.fazenda.niteroi.rj.gov.br\/site\/wp-json\/wp\/v2\/categories?post=28016"},{"taxonomy":"post_tag","embeddable":true,"href":"https:\/\/www.fazenda.niteroi.rj.gov.br\/site\/wp-json\/wp\/v2\/tags?post=28016"}],"curies":[{"name":"wp","href":"https:\/\/api.w.org\/{rel}","templated":true}]}}