{"id":28142,"date":"2024-07-04T15:05:14","date_gmt":"2024-07-04T18:05:14","guid":{"rendered":"https:\/\/www.fazenda.niteroi.rj.gov.br\/site\/?p=28142"},"modified":"2024-07-04T15:05:40","modified_gmt":"2024-07-04T18:05:40","slug":"agenda-04-07-2024-quinta-feira","status":"publish","type":"post","link":"https:\/\/www.fazenda.niteroi.rj.gov.br\/site\/agenda-04-07-2024-quinta-feira\/","title":{"rendered":"Agenda 04.07.2024 Quinta-Feira"},"content":{"rendered":"\n<p>9h<br>GT Mulheres no Servi\u00e7o P\u00fablico | Encontro 1<br>Videoconfer\u00eancia<\/p>\n\n\n\n<p>9h30<br>Inaugura\u00e7\u00e3o do primeiro lote de esta\u00e7\u00f5es da NITBIKE<br>Local: Em frente pra\u00e7a Cesar Tinoco &#8211; Praia Jo\u00e3o Caetano \u2013 Ing\u00e1<\/p>\n\n\n\n<p>13h<br>Despacho com Controle Interno \u2013 Assessora Sra. Fab\u00edola Polverine<\/p>\n\n\n\n<p>13h30<br>Despacho interno com Diretora de Planejamento Institucional \u2013 Sra. Dandara Xavier<br>Pauta: Validar material Planejamento Estrat\u00e9gico<\/p>\n\n\n\n<p>14h30<br>Reuni\u00e3o com o Exmo. Sr. Prefeito \u2013 Axel Grael<br>e equipe What Work Cities \/Bloomberg Philantropies)<br>Local: Gabinete do Prefeito<\/p>\n","protected":false},"excerpt":{"rendered":"<p>9hGT Mulheres no Servi\u00e7o P\u00fablico | Encontro 1Videoconfer\u00eancia 9h30Inaugura\u00e7\u00e3o do primeiro lote de esta\u00e7\u00f5es da NITBIKELocal: Em frente pra\u00e7a Cesar Tinoco &#8211; Praia Jo\u00e3o Caetano \u2013 Ing\u00e1 13hDespacho com Controle [&hellip;]<\/p>\n","protected":false},"author":38,"featured_media":0,"comment_status":"closed","ping_status":"closed","sticky":false,"template":"","format":"standard","meta":{"_et_pb_use_builder":"","_et_pb_old_content":"","_et_gb_content_width":"","_usar_header_alternativo":false,"footnotes":""},"categories":[394],"tags":[397,452],"class_list":["post-28142","post","type-post","status-publish","format-standard","hentry","category-agenda","tag-agenda-da-secretaria","tag-transparencia","et-doesnt-have-format-content","et_post_format-et-post-format-standard"],"_links":{"self":[{"href":"https:\/\/www.fazenda.niteroi.rj.gov.br\/site\/wp-json\/wp\/v2\/posts\/28142","targetHints":{"allow":["GET"]}}],"collection":[{"href":"https:\/\/www.fazenda.niteroi.rj.gov.br\/site\/wp-json\/wp\/v2\/posts"}],"about":[{"href":"https:\/\/www.fazenda.niteroi.rj.gov.br\/site\/wp-json\/wp\/v2\/types\/post"}],"author":[{"embeddable":true,"href":"https:\/\/www.fazenda.niteroi.rj.gov.br\/site\/wp-json\/wp\/v2\/users\/38"}],"replies":[{"embeddable":true,"href":"https:\/\/www.fazenda.niteroi.rj.gov.br\/site\/wp-json\/wp\/v2\/comments?post=28142"}],"version-history":[{"count":1,"href":"https:\/\/www.fazenda.niteroi.rj.gov.br\/site\/wp-json\/wp\/v2\/posts\/28142\/revisions"}],"predecessor-version":[{"id":28143,"href":"https:\/\/www.fazenda.niteroi.rj.gov.br\/site\/wp-json\/wp\/v2\/posts\/28142\/revisions\/28143"}],"wp:attachment":[{"href":"https:\/\/www.fazenda.niteroi.rj.gov.br\/site\/wp-json\/wp\/v2\/media?parent=28142"}],"wp:term":[{"taxonomy":"category","embeddable":true,"href":"https:\/\/www.fazenda.niteroi.rj.gov.br\/site\/wp-json\/wp\/v2\/categories?post=28142"},{"taxonomy":"post_tag","embeddable":true,"href":"https:\/\/www.fazenda.niteroi.rj.gov.br\/site\/wp-json\/wp\/v2\/tags?post=28142"}],"curies":[{"name":"wp","href":"https:\/\/api.w.org\/{rel}","templated":true}]}}