{"id":28195,"date":"2024-07-09T16:58:42","date_gmt":"2024-07-09T19:58:42","guid":{"rendered":"https:\/\/www.fazenda.niteroi.rj.gov.br\/site\/?p=28195"},"modified":"2024-07-09T16:59:10","modified_gmt":"2024-07-09T19:59:10","slug":"agenda-09-07-2024-terca-feira","status":"publish","type":"post","link":"https:\/\/www.fazenda.niteroi.rj.gov.br\/site\/agenda-09-07-2024-terca-feira\/","title":{"rendered":"Agenda 09.07.2024 Ter\u00e7a-Feira"},"content":{"rendered":"\n<p>9h<br>Encontro de Planejamento Estrat\u00e9gico SMF<br>Local: Plataforma Urbana Digital da Engenhoca<\/p>\n\n\n\n<p>14h<br>Reuni\u00e3o com Presidente do Conselho de Contribuintes \u2013 Sr. Carlos Mauro, Assessora \u2013 Isabel Gebara, e membros representantes da SMF, Fiscais Andr\u00e9 Luiz Cardoso e Maria Elisa Vidal<br>Pauta: An\u00e1lise Cr\u00edtica do Sistema de Gest\u00e3o de Qualidade ISO9001 \u2013 Conselho de Contribuintes<\/p>\n","protected":false},"excerpt":{"rendered":"<p>9hEncontro de Planejamento Estrat\u00e9gico SMFLocal: Plataforma Urbana Digital da Engenhoca 14hReuni\u00e3o com Presidente do Conselho de Contribuintes \u2013 Sr. Carlos Mauro, Assessora \u2013 Isabel Gebara, e membros representantes da SMF, [&hellip;]<\/p>\n","protected":false},"author":38,"featured_media":0,"comment_status":"closed","ping_status":"closed","sticky":false,"template":"","format":"standard","meta":{"_et_pb_use_builder":"","_et_pb_old_content":"","_et_gb_content_width":"","_usar_header_alternativo":false,"footnotes":""},"categories":[394],"tags":[397,452],"class_list":["post-28195","post","type-post","status-publish","format-standard","hentry","category-agenda","tag-agenda-da-secretaria","tag-transparencia","et-doesnt-have-format-content","et_post_format-et-post-format-standard"],"_links":{"self":[{"href":"https:\/\/www.fazenda.niteroi.rj.gov.br\/site\/wp-json\/wp\/v2\/posts\/28195","targetHints":{"allow":["GET"]}}],"collection":[{"href":"https:\/\/www.fazenda.niteroi.rj.gov.br\/site\/wp-json\/wp\/v2\/posts"}],"about":[{"href":"https:\/\/www.fazenda.niteroi.rj.gov.br\/site\/wp-json\/wp\/v2\/types\/post"}],"author":[{"embeddable":true,"href":"https:\/\/www.fazenda.niteroi.rj.gov.br\/site\/wp-json\/wp\/v2\/users\/38"}],"replies":[{"embeddable":true,"href":"https:\/\/www.fazenda.niteroi.rj.gov.br\/site\/wp-json\/wp\/v2\/comments?post=28195"}],"version-history":[{"count":1,"href":"https:\/\/www.fazenda.niteroi.rj.gov.br\/site\/wp-json\/wp\/v2\/posts\/28195\/revisions"}],"predecessor-version":[{"id":28196,"href":"https:\/\/www.fazenda.niteroi.rj.gov.br\/site\/wp-json\/wp\/v2\/posts\/28195\/revisions\/28196"}],"wp:attachment":[{"href":"https:\/\/www.fazenda.niteroi.rj.gov.br\/site\/wp-json\/wp\/v2\/media?parent=28195"}],"wp:term":[{"taxonomy":"category","embeddable":true,"href":"https:\/\/www.fazenda.niteroi.rj.gov.br\/site\/wp-json\/wp\/v2\/categories?post=28195"},{"taxonomy":"post_tag","embeddable":true,"href":"https:\/\/www.fazenda.niteroi.rj.gov.br\/site\/wp-json\/wp\/v2\/tags?post=28195"}],"curies":[{"name":"wp","href":"https:\/\/api.w.org\/{rel}","templated":true}]}}