{"id":28295,"date":"2024-07-16T14:58:09","date_gmt":"2024-07-16T17:58:09","guid":{"rendered":"https:\/\/www.fazenda.niteroi.rj.gov.br\/site\/?p=28295"},"modified":"2024-07-18T14:59:45","modified_gmt":"2024-07-18T17:59:45","slug":"agenda-16-07-2024-terca-feira","status":"publish","type":"post","link":"https:\/\/www.fazenda.niteroi.rj.gov.br\/site\/agenda-16-07-2024-terca-feira\/","title":{"rendered":"Agenda 16.07.2024 Ter\u00e7a-Feira"},"content":{"rendered":"\n<p>10h<br>Visita da Equipe T\u00e9cnica da Secretaria de Fazenda de Quissam\u00e3 \u2013 Sr. Ronaldo Costa &#8211; Procurador, Sr. Edivaldo Francisco Alves &#8211; Coordenador Geral Tribut\u00e1rio e Sr. Jos\u00e9 Vitor Albrussezze da Silva &#8211; Coordenador de ISS<\/p>\n\n\n\n<p>11h30<br>Despacho interno com Subsecret\u00e1rio de Moderniza\u00e7\u00e3o \u2013 Sr. Haroldo Almeida<br>Pauta: PCA, CAC \u2013 Whatsapp e Renova\u00e7\u00e3o de servi\u00e7os<\/p>\n\n\n\n<p>13h30<br>Despacho com o Controle Interno \u2013 Sr. Pedro Reys<\/p>\n\n\n\n<p>15h<br>Reuni\u00e3o com Sr. Jo\u00e3o Gustavo<br>Pauta: assuntos tribut\u00e1rios<\/p>\n\n\n\n<p>16h<br>Despacho Interno com Assessoria de Comunica\u00e7\u00e3o \u2013 Sra. Fernanda Fraga<br>Pauta: Plano de Integridade<\/p>\n","protected":false},"excerpt":{"rendered":"<p>10hVisita da Equipe T\u00e9cnica da Secretaria de Fazenda de Quissam\u00e3 \u2013 Sr. Ronaldo Costa &#8211; Procurador, Sr. Edivaldo Francisco Alves &#8211; Coordenador Geral Tribut\u00e1rio e Sr. Jos\u00e9 Vitor Albrussezze da [&hellip;]<\/p>\n","protected":false},"author":38,"featured_media":0,"comment_status":"closed","ping_status":"closed","sticky":false,"template":"","format":"standard","meta":{"_et_pb_use_builder":"","_et_pb_old_content":"","_et_gb_content_width":"","_usar_header_alternativo":false,"footnotes":""},"categories":[394],"tags":[],"class_list":["post-28295","post","type-post","status-publish","format-standard","hentry","category-agenda","et-doesnt-have-format-content","et_post_format-et-post-format-standard"],"_links":{"self":[{"href":"https:\/\/www.fazenda.niteroi.rj.gov.br\/site\/wp-json\/wp\/v2\/posts\/28295","targetHints":{"allow":["GET"]}}],"collection":[{"href":"https:\/\/www.fazenda.niteroi.rj.gov.br\/site\/wp-json\/wp\/v2\/posts"}],"about":[{"href":"https:\/\/www.fazenda.niteroi.rj.gov.br\/site\/wp-json\/wp\/v2\/types\/post"}],"author":[{"embeddable":true,"href":"https:\/\/www.fazenda.niteroi.rj.gov.br\/site\/wp-json\/wp\/v2\/users\/38"}],"replies":[{"embeddable":true,"href":"https:\/\/www.fazenda.niteroi.rj.gov.br\/site\/wp-json\/wp\/v2\/comments?post=28295"}],"version-history":[{"count":1,"href":"https:\/\/www.fazenda.niteroi.rj.gov.br\/site\/wp-json\/wp\/v2\/posts\/28295\/revisions"}],"predecessor-version":[{"id":28296,"href":"https:\/\/www.fazenda.niteroi.rj.gov.br\/site\/wp-json\/wp\/v2\/posts\/28295\/revisions\/28296"}],"wp:attachment":[{"href":"https:\/\/www.fazenda.niteroi.rj.gov.br\/site\/wp-json\/wp\/v2\/media?parent=28295"}],"wp:term":[{"taxonomy":"category","embeddable":true,"href":"https:\/\/www.fazenda.niteroi.rj.gov.br\/site\/wp-json\/wp\/v2\/categories?post=28295"},{"taxonomy":"post_tag","embeddable":true,"href":"https:\/\/www.fazenda.niteroi.rj.gov.br\/site\/wp-json\/wp\/v2\/tags?post=28295"}],"curies":[{"name":"wp","href":"https:\/\/api.w.org\/{rel}","templated":true}]}}