{"id":28343,"date":"2024-07-19T15:38:00","date_gmt":"2024-07-19T18:38:00","guid":{"rendered":"https:\/\/www.fazenda.niteroi.rj.gov.br\/site\/?p=28343"},"modified":"2024-07-19T15:38:28","modified_gmt":"2024-07-19T18:38:28","slug":"acordao-3279-2024","status":"publish","type":"post","link":"https:\/\/www.fazenda.niteroi.rj.gov.br\/site\/acordao-3279-2024\/","title":{"rendered":"Ac\u00f3rd\u00e3o 3279\/2024"},"content":{"rendered":"\n<p>1478\u00aa Sess\u00e3o Ordin\u00e1ria, de 01\/02\/2024<\/p>\n\n\n\n<p>Processo n\u00ba 030\/016172\/2021<\/p>\n\n\n\n<p>Recorrente: ANDREA MOREIRA TORRES&nbsp;<\/p>\n\n\n\n<p>\u201cEmenta: &#8211; I<strong>PTU. Recurso Volunt\u00e1rio. Notifica\u00e7\u00e3o de Lan\u00e7amento complementar. Revis\u00e3o de elementos cadastrais. Decis\u00e3o de Primeira Inst\u00e2ncia que n\u00e3o conheceu a impugna\u00e7\u00e3o por intempestividade. Tempestividade n\u00e3o comprovada em sede de Recurso. Apura\u00e7\u00e3o de conduta. Of\u00edcio a Ordem dos Advogados do Brasil (OAB). Recurso Conhecido e n\u00e3o provido&#8221;.<\/strong>&nbsp;&nbsp;&nbsp;&nbsp;&nbsp;&nbsp;&nbsp;<\/p>\n\n\n\n<p>Inteiro teor: <a href=\"https:\/\/www.fazenda.niteroi.rj.gov.br\/site\/wp-content\/uploads\/2024\/07\/PA-016172.21-FLS.-105-A-133.pdf\">Ac\u00f3rd\u00e3o 3279\/2024<\/a><\/p>\n","protected":false},"excerpt":{"rendered":"<p>IPTU. Recurso Volunt\u00e1rio. Notifica\u00e7\u00e3o de Lan\u00e7amento complementar. Revis\u00e3o de elementos cadastrais. Decis\u00e3o de Primeira Inst\u00e2ncia que n\u00e3o conheceu a impugna\u00e7\u00e3o por intempestividade. Tempestividade n\u00e3o comprovada em sede de Recurso. Apura\u00e7\u00e3o de conduta. Of\u00edcio a Ordem dos Advogados do Brasil (OAB). Recurso Conhecido e n\u00e3o provido&#8221;.<\/p>\n","protected":false},"author":4,"featured_media":0,"comment_status":"closed","ping_status":"closed","sticky":false,"template":"","format":"standard","meta":{"_et_pb_use_builder":"","_et_pb_old_content":"","_et_gb_content_width":"","_usar_header_alternativo":false,"footnotes":""},"categories":[131,126],"tags":[],"class_list":["post-28343","post","type-post","status-publish","format-standard","hentry","category-acordaos","category-ccn","et-doesnt-have-format-content","et_post_format-et-post-format-standard"],"_links":{"self":[{"href":"https:\/\/www.fazenda.niteroi.rj.gov.br\/site\/wp-json\/wp\/v2\/posts\/28343","targetHints":{"allow":["GET"]}}],"collection":[{"href":"https:\/\/www.fazenda.niteroi.rj.gov.br\/site\/wp-json\/wp\/v2\/posts"}],"about":[{"href":"https:\/\/www.fazenda.niteroi.rj.gov.br\/site\/wp-json\/wp\/v2\/types\/post"}],"author":[{"embeddable":true,"href":"https:\/\/www.fazenda.niteroi.rj.gov.br\/site\/wp-json\/wp\/v2\/users\/4"}],"replies":[{"embeddable":true,"href":"https:\/\/www.fazenda.niteroi.rj.gov.br\/site\/wp-json\/wp\/v2\/comments?post=28343"}],"version-history":[{"count":1,"href":"https:\/\/www.fazenda.niteroi.rj.gov.br\/site\/wp-json\/wp\/v2\/posts\/28343\/revisions"}],"predecessor-version":[{"id":28345,"href":"https:\/\/www.fazenda.niteroi.rj.gov.br\/site\/wp-json\/wp\/v2\/posts\/28343\/revisions\/28345"}],"wp:attachment":[{"href":"https:\/\/www.fazenda.niteroi.rj.gov.br\/site\/wp-json\/wp\/v2\/media?parent=28343"}],"wp:term":[{"taxonomy":"category","embeddable":true,"href":"https:\/\/www.fazenda.niteroi.rj.gov.br\/site\/wp-json\/wp\/v2\/categories?post=28343"},{"taxonomy":"post_tag","embeddable":true,"href":"https:\/\/www.fazenda.niteroi.rj.gov.br\/site\/wp-json\/wp\/v2\/tags?post=28343"}],"curies":[{"name":"wp","href":"https:\/\/api.w.org\/{rel}","templated":true}]}}