{"id":28392,"date":"2024-07-19T16:27:47","date_gmt":"2024-07-19T19:27:47","guid":{"rendered":"https:\/\/www.fazenda.niteroi.rj.gov.br\/site\/?p=28392"},"modified":"2024-07-19T16:28:18","modified_gmt":"2024-07-19T19:28:18","slug":"acordao-3294-2024","status":"publish","type":"post","link":"https:\/\/www.fazenda.niteroi.rj.gov.br\/site\/acordao-3294-2024\/","title":{"rendered":"Ac\u00f3rd\u00e3o 3294\/2024"},"content":{"rendered":"\n<p>1484\u00aa Sess\u00e3o Ordin\u00e1ria, de 28\/02\/2024<\/p>\n\n\n\n<p>Processo n\u00ba 030\/029934\/2019<\/p>\n\n\n\n<p>Recorrente: WW ST\u00daDIO 183 CABELEIREIROS EIRELI LTDA<\/p>\n\n\n\n<p>\u201cEmenta: &#8211; ISSQN \u2013 OBRIGA\u00c7\u00c3O PRINCIPAL &#8211; RECURSO DE OF\u00cdCIO \u2013 PREJUDICIAL DE M\u00c9RITO DECORRENTE DA N\u00c3O EXCLUS\u00c3O DO SIMPLES NACIONAL &#8211; RECURSO DE OF\u00cdCIO CONHECIDO E N\u00c3O PROVIDO.&#8221;<\/p>\n\n\n\n<p>Inteiro teor:<a href=\"https:\/\/www.fazenda.niteroi.rj.gov.br\/site\/wp-content\/uploads\/2024\/07\/PA-029934.19-FLS.-62-A-90.pdf\"> Ac\u00f3rd\u00e3o 3294\/2024<\/a><\/p>\n","protected":false},"excerpt":{"rendered":"<p>ISSQN \u2013 OBRIGA\u00c7\u00c3O PRINCIPAL &#8211; RECURSO DE OF\u00cdCIO \u2013 PREJUDICIAL DE M\u00c9RITO DECORRENTE DA N\u00c3O EXCLUS\u00c3O DO SIMPLES NACIONAL &#8211; RECURSO DE OF\u00cdCIO CONHECIDO E N\u00c3O PROVIDO.&#8221;<\/p>\n","protected":false},"author":4,"featured_media":0,"comment_status":"closed","ping_status":"closed","sticky":false,"template":"","format":"standard","meta":{"_et_pb_use_builder":"","_et_pb_old_content":"","_et_gb_content_width":"","_usar_header_alternativo":false,"footnotes":""},"categories":[131,126],"tags":[],"class_list":["post-28392","post","type-post","status-publish","format-standard","hentry","category-acordaos","category-ccn","et-doesnt-have-format-content","et_post_format-et-post-format-standard"],"_links":{"self":[{"href":"https:\/\/www.fazenda.niteroi.rj.gov.br\/site\/wp-json\/wp\/v2\/posts\/28392","targetHints":{"allow":["GET"]}}],"collection":[{"href":"https:\/\/www.fazenda.niteroi.rj.gov.br\/site\/wp-json\/wp\/v2\/posts"}],"about":[{"href":"https:\/\/www.fazenda.niteroi.rj.gov.br\/site\/wp-json\/wp\/v2\/types\/post"}],"author":[{"embeddable":true,"href":"https:\/\/www.fazenda.niteroi.rj.gov.br\/site\/wp-json\/wp\/v2\/users\/4"}],"replies":[{"embeddable":true,"href":"https:\/\/www.fazenda.niteroi.rj.gov.br\/site\/wp-json\/wp\/v2\/comments?post=28392"}],"version-history":[{"count":1,"href":"https:\/\/www.fazenda.niteroi.rj.gov.br\/site\/wp-json\/wp\/v2\/posts\/28392\/revisions"}],"predecessor-version":[{"id":28394,"href":"https:\/\/www.fazenda.niteroi.rj.gov.br\/site\/wp-json\/wp\/v2\/posts\/28392\/revisions\/28394"}],"wp:attachment":[{"href":"https:\/\/www.fazenda.niteroi.rj.gov.br\/site\/wp-json\/wp\/v2\/media?parent=28392"}],"wp:term":[{"taxonomy":"category","embeddable":true,"href":"https:\/\/www.fazenda.niteroi.rj.gov.br\/site\/wp-json\/wp\/v2\/categories?post=28392"},{"taxonomy":"post_tag","embeddable":true,"href":"https:\/\/www.fazenda.niteroi.rj.gov.br\/site\/wp-json\/wp\/v2\/tags?post=28392"}],"curies":[{"name":"wp","href":"https:\/\/api.w.org\/{rel}","templated":true}]}}