{"id":28456,"date":"2024-07-22T09:46:14","date_gmt":"2024-07-22T12:46:14","guid":{"rendered":"https:\/\/www.fazenda.niteroi.rj.gov.br\/site\/?p=28456"},"modified":"2024-07-22T09:46:14","modified_gmt":"2024-07-22T12:46:14","slug":"acordao-3313-2024","status":"publish","type":"post","link":"https:\/\/www.fazenda.niteroi.rj.gov.br\/site\/acordao-3313-2024\/","title":{"rendered":"Ac\u00f3rd\u00e3o 3313\/2024"},"content":{"rendered":"\n<p>1491\u00aa Sess\u00e3o Ordin\u00e1ria, de 03\/04\/2024<\/p>\n\n\n\n<p>Processo n\u00ba 030\/022188\/2022<\/p>\n\n\n\n<p>Recorrente: VORAX CRIA\u00c7\u00c3O E DESIGN LTDA<\/p>\n\n\n\n<p>\u201cEmenta: &#8211; <strong>ISSQN &#8211; RECURSO VOLUNT\u00c1RIO &#8211;&nbsp;OBRIGA\u00c7\u00c3O PRINCIPAL \u2013 DISCRIMINA\u00c7\u00c3O DOS&nbsp;SERVI\u00c7OS NA NOTA FISCAL \u2013 TIPIFICA\u00c7\u00c3O&nbsp;ERRADA DO SUBITEM &#8211; SUBITEM 17.02&nbsp;(DATILOGRAFIA, DIGITA\u00c7\u00c3O, ESTENOGRAFIA,&nbsp;EXPEDIENTE, SECRETARIA EM GERAL, RESPOSTA&nbsp;AUD\u00cdVEL, REDA\u00c7\u00c3O, EDI\u00c7\u00c3O, INTERPRETA\u00c7\u00c3O,&nbsp;REVIS\u00c3O, TRADU\u00c7\u00c3O, APOIO E INFRAESTRUTURA&nbsp;ADMINISTRATIVA E CONG\u00caNERES) DA LISTA DE&nbsp;SERVI\u00c7OS CONSTANTE DO ANEXO III DA LEI N\u00ba&nbsp;2.597\/08 &#8211; AUS\u00caNCIA DE DOCUMENTOS&nbsp;COMPROBAT\u00d3RIOS APRESENTADOS PELA&nbsp;RECORRENTE &#8211; RECURSO VOLUNT\u00c1RIO&nbsp;CONHECIDO E N\u00c3O PROVIDO<\/strong>.&#8221;<\/p>\n\n\n\n<p>Inteiro teor:<a href=\"https:\/\/www.fazenda.niteroi.rj.gov.br\/site\/wp-content\/uploads\/2024\/07\/PA-022188.22-FLS.-72-A-111.pdf\"> Ac\u00f3rd\u00e3o 3313\/2024<\/a><\/p>\n","protected":false},"excerpt":{"rendered":"<p>ISSQN &#8211; RECURSO VOLUNT\u00c1RIO &#8211;\u00a0OBRIGA\u00c7\u00c3O PRINCIPAL \u2013 DISCRIMINA\u00c7\u00c3O DOS\u00a0SERVI\u00c7OS NA NOTA FISCAL \u2013 TIPIFICA\u00c7\u00c3O\u00a0ERRADA DO SUBITEM &#8211; SUBITEM 17.02\u00a0(DATILOGRAFIA, DIGITA\u00c7\u00c3O, ESTENOGRAFIA,\u00a0EXPEDIENTE, SECRETARIA EM GERAL, RESPOSTA\u00a0AUD\u00cdVEL, REDA\u00c7\u00c3O, EDI\u00c7\u00c3O, INTERPRETA\u00c7\u00c3O,\u00a0REVIS\u00c3O, TRADU\u00c7\u00c3O, APOIO E INFRAESTRUTURA\u00a0ADMINISTRATIVA E CONG\u00caNERES) DA LISTA DE\u00a0SERVI\u00c7OS CONSTANTE DO ANEXO III DA LEI N\u00ba\u00a02.597\/08 &#8211; AUS\u00caNCIA DE DOCUMENTOS\u00a0COMPROBAT\u00d3RIOS APRESENTADOS PELA\u00a0RECORRENTE &#8211; RECURSO VOLUNT\u00c1RIO\u00a0CONHECIDO E N\u00c3O PROVIDO.&#8221;<\/p>\n","protected":false},"author":4,"featured_media":0,"comment_status":"closed","ping_status":"","sticky":false,"template":"","format":"standard","meta":{"_et_pb_use_builder":"","_et_pb_old_content":"","_et_gb_content_width":"","_usar_header_alternativo":false,"footnotes":""},"categories":[131,126],"tags":[],"class_list":["post-28456","post","type-post","status-publish","format-standard","hentry","category-acordaos","category-ccn","et-doesnt-have-format-content","et_post_format-et-post-format-standard"],"_links":{"self":[{"href":"https:\/\/www.fazenda.niteroi.rj.gov.br\/site\/wp-json\/wp\/v2\/posts\/28456","targetHints":{"allow":["GET"]}}],"collection":[{"href":"https:\/\/www.fazenda.niteroi.rj.gov.br\/site\/wp-json\/wp\/v2\/posts"}],"about":[{"href":"https:\/\/www.fazenda.niteroi.rj.gov.br\/site\/wp-json\/wp\/v2\/types\/post"}],"author":[{"embeddable":true,"href":"https:\/\/www.fazenda.niteroi.rj.gov.br\/site\/wp-json\/wp\/v2\/users\/4"}],"replies":[{"embeddable":true,"href":"https:\/\/www.fazenda.niteroi.rj.gov.br\/site\/wp-json\/wp\/v2\/comments?post=28456"}],"version-history":[{"count":1,"href":"https:\/\/www.fazenda.niteroi.rj.gov.br\/site\/wp-json\/wp\/v2\/posts\/28456\/revisions"}],"predecessor-version":[{"id":28458,"href":"https:\/\/www.fazenda.niteroi.rj.gov.br\/site\/wp-json\/wp\/v2\/posts\/28456\/revisions\/28458"}],"wp:attachment":[{"href":"https:\/\/www.fazenda.niteroi.rj.gov.br\/site\/wp-json\/wp\/v2\/media?parent=28456"}],"wp:term":[{"taxonomy":"category","embeddable":true,"href":"https:\/\/www.fazenda.niteroi.rj.gov.br\/site\/wp-json\/wp\/v2\/categories?post=28456"},{"taxonomy":"post_tag","embeddable":true,"href":"https:\/\/www.fazenda.niteroi.rj.gov.br\/site\/wp-json\/wp\/v2\/tags?post=28456"}],"curies":[{"name":"wp","href":"https:\/\/api.w.org\/{rel}","templated":true}]}}