{"id":28459,"date":"2024-07-22T09:48:46","date_gmt":"2024-07-22T12:48:46","guid":{"rendered":"https:\/\/www.fazenda.niteroi.rj.gov.br\/site\/?p=28459"},"modified":"2024-07-22T09:49:13","modified_gmt":"2024-07-22T12:49:13","slug":"acordao-3314-2024","status":"publish","type":"post","link":"https:\/\/www.fazenda.niteroi.rj.gov.br\/site\/acordao-3314-2024\/","title":{"rendered":"Ac\u00f3rd\u00e3o 3314\/2024"},"content":{"rendered":"\n<p>1492\u00aa Sess\u00e3o Ordin\u00e1ria, de 03\/04\/2024<\/p>\n\n\n\n<p>Processo n\u00ba 030\/022194\/2022<\/p>\n\n\n\n<p>Recorrente: VORAX CRIA\u00c7\u00c3O E DESIGN LTDA<\/p>\n\n\n\n<p>\u201cEmenta: &#8211; <strong>ISSQN &#8211; RECURSO VOLUNT\u00c1RIO &#8211;&nbsp;OBRIGA\u00c7\u00c3O PRINCIPAL \u2013 DISCRIMINA\u00c7\u00c3O DOS&nbsp;SERVI\u00c7OS NA NOTA FISCAL \u2013 TIPIFICA\u00c7\u00c3O&nbsp;ERRADA DO SUBITEM &#8211; SUBITEM 17.24 (INSER\u00c7\u00c3O&nbsp;DE TEXTOS, DESENHOS E OUTROS MATERIAIS DE&nbsp;PROPAGANDA E PUBLICIDADE, EM QUALQUER&nbsp;MEIO (EXCETO EM LIVROS, JORNAIS, PERI\u00d3DICOS&nbsp;E NAS MODALIDADES DE SERVI\u00c7OS DE&nbsp;RADIODIFUS\u00c3O SONORA E DE SONS E IMAGENS&nbsp;DE RECEP\u00c7\u00c3O LIVRE E GRATUITA) DA LISTA DE&nbsp;SERVI\u00c7OS CONSTANTE DO ANEXO III DA LEI N\u00ba&nbsp;2.597\/08 \u2013 GEST\u00c3O DE M\u00cdDIAS SOCIAIS AUS\u00caNCIA DE DOCUMENTOS COMPROBAT\u00d3RIOS&nbsp;APRESENTADOS PELA RECORRENTE &#8211; RECURSO&nbsp;VOLUNT\u00c1RIO CONHECIDO E N\u00c3O PROVIDO.\u201d<\/strong><\/p>\n\n\n\n<p>Inteiro teor: <a href=\"https:\/\/www.fazenda.niteroi.rj.gov.br\/site\/wp-content\/uploads\/2024\/07\/PA-022194.22-FLS.-241-A-280.pdf\">Ac\u00f3rd\u00e3o 3314\/2024<\/a><\/p>\n","protected":false},"excerpt":{"rendered":"<p>ISSQN &#8211; RECURSO VOLUNT\u00c1RIO &#8211;\u00a0OBRIGA\u00c7\u00c3O PRINCIPAL \u2013 DISCRIMINA\u00c7\u00c3O DOS\u00a0SERVI\u00c7OS NA NOTA FISCAL \u2013 TIPIFICA\u00c7\u00c3O\u00a0ERRADA DO SUBITEM &#8211; SUBITEM 17.24 (INSER\u00c7\u00c3O\u00a0DE TEXTOS, DESENHOS E OUTROS MATERIAIS DE\u00a0PROPAGANDA E PUBLICIDADE, EM QUALQUER\u00a0MEIO (EXCETO EM LIVROS, JORNAIS, PERI\u00d3DICOS\u00a0E NAS MODALIDADES DE SERVI\u00c7OS DE\u00a0RADIODIFUS\u00c3O SONORA E DE SONS E IMAGENS\u00a0DE RECEP\u00c7\u00c3O LIVRE E GRATUITA) DA LISTA DE\u00a0SERVI\u00c7OS CONSTANTE DO ANEXO III DA LEI N\u00ba\u00a02.597\/08 \u2013 GEST\u00c3O DE M\u00cdDIAS SOCIAIS AUS\u00caNCIA DE DOCUMENTOS COMPROBAT\u00d3RIOS\u00a0APRESENTADOS PELA RECORRENTE &#8211; RECURSO\u00a0VOLUNT\u00c1RIO CONHECIDO E N\u00c3O PROVIDO.\u201d<\/p>\n","protected":false},"author":4,"featured_media":0,"comment_status":"closed","ping_status":"closed","sticky":false,"template":"","format":"standard","meta":{"_et_pb_use_builder":"","_et_pb_old_content":"","_et_gb_content_width":"","_usar_header_alternativo":false,"footnotes":""},"categories":[131,126],"tags":[],"class_list":["post-28459","post","type-post","status-publish","format-standard","hentry","category-acordaos","category-ccn","et-doesnt-have-format-content","et_post_format-et-post-format-standard"],"_links":{"self":[{"href":"https:\/\/www.fazenda.niteroi.rj.gov.br\/site\/wp-json\/wp\/v2\/posts\/28459","targetHints":{"allow":["GET"]}}],"collection":[{"href":"https:\/\/www.fazenda.niteroi.rj.gov.br\/site\/wp-json\/wp\/v2\/posts"}],"about":[{"href":"https:\/\/www.fazenda.niteroi.rj.gov.br\/site\/wp-json\/wp\/v2\/types\/post"}],"author":[{"embeddable":true,"href":"https:\/\/www.fazenda.niteroi.rj.gov.br\/site\/wp-json\/wp\/v2\/users\/4"}],"replies":[{"embeddable":true,"href":"https:\/\/www.fazenda.niteroi.rj.gov.br\/site\/wp-json\/wp\/v2\/comments?post=28459"}],"version-history":[{"count":1,"href":"https:\/\/www.fazenda.niteroi.rj.gov.br\/site\/wp-json\/wp\/v2\/posts\/28459\/revisions"}],"predecessor-version":[{"id":28461,"href":"https:\/\/www.fazenda.niteroi.rj.gov.br\/site\/wp-json\/wp\/v2\/posts\/28459\/revisions\/28461"}],"wp:attachment":[{"href":"https:\/\/www.fazenda.niteroi.rj.gov.br\/site\/wp-json\/wp\/v2\/media?parent=28459"}],"wp:term":[{"taxonomy":"category","embeddable":true,"href":"https:\/\/www.fazenda.niteroi.rj.gov.br\/site\/wp-json\/wp\/v2\/categories?post=28459"},{"taxonomy":"post_tag","embeddable":true,"href":"https:\/\/www.fazenda.niteroi.rj.gov.br\/site\/wp-json\/wp\/v2\/tags?post=28459"}],"curies":[{"name":"wp","href":"https:\/\/api.w.org\/{rel}","templated":true}]}}