{"id":28468,"date":"2024-07-22T09:58:22","date_gmt":"2024-07-22T12:58:22","guid":{"rendered":"https:\/\/www.fazenda.niteroi.rj.gov.br\/site\/?p=28468"},"modified":"2024-07-22T09:58:50","modified_gmt":"2024-07-22T12:58:50","slug":"acordao-3317-2024","status":"publish","type":"post","link":"https:\/\/www.fazenda.niteroi.rj.gov.br\/site\/acordao-3317-2024\/","title":{"rendered":"Ac\u00f3rd\u00e3o 3317\/2024"},"content":{"rendered":"\n<p>1494\u00aa Sess\u00e3o Ordin\u00e1ria, de 10\/04\/2024<\/p>\n\n\n\n<p>Processo n\u00ba 030\/017940\/2019<\/p>\n\n\n\n<p>Recorrente: VIA\u00c7\u00c3O NOSSA SENHORA DO AMPARO LTDA<\/p>\n\n\n\n<p>\u201cEmenta: &nbsp;&#8211; IPTU &#8211; RECURSO VOLUNT\u00c1RIO \u2013 LAN\u00c7AMENTO COMPLEMENTAR \u2013 PROJE\u00c7\u00c3O DE MARQUISES DOS IM\u00d3VEIS \u2013 BEIRAL \u2013 ERRO DE DIREITO N\u00c3O IDENTIFICADO \u2013 ERRO DE FATO PRESENTE \u2013 ART. 149, VIII CTN &#8211; FATO J\u00c1 CONHECIDO ANTERIORMENTE PELO FISCO \u2013 IMPOSSIBILIDADE DO LAN\u00c7AMENTO RETROATIVO &#8211; RECURSO VOLUNT\u00c1RIO CONHECIDO E PARCIALMENTE PROVIDO&#8221;.&nbsp;&nbsp;&nbsp;&nbsp;<\/p>\n\n\n\n<p>Inteiro teor: <a href=\"https:\/\/www.fazenda.niteroi.rj.gov.br\/site\/wp-content\/uploads\/2024\/07\/PA-017940.19.pdf\">Ac\u00f3rd\u00e3o 3317\/2024<\/a><\/p>\n","protected":false},"excerpt":{"rendered":"<p>IPTU &#8211; RECURSO VOLUNT\u00c1RIO \u2013 LAN\u00c7AMENTO COMPLEMENTAR \u2013 PROJE\u00c7\u00c3O DE MARQUISES DOS IM\u00d3VEIS \u2013 BEIRAL \u2013 ERRO DE DIREITO N\u00c3O IDENTIFICADO \u2013 ERRO DE FATO PRESENTE \u2013 ART. 149, VIII CTN &#8211; FATO J\u00c1 CONHECIDO ANTERIORMENTE PELO FISCO \u2013 IMPOSSIBILIDADE DO LAN\u00c7AMENTO RETROATIVO &#8211; RECURSO VOLUNT\u00c1RIO CONHECIDO E PARCIALMENTE PROVIDO&#8221;.\u00a0\u00a0\u00a0<\/p>\n","protected":false},"author":4,"featured_media":0,"comment_status":"closed","ping_status":"closed","sticky":false,"template":"","format":"standard","meta":{"_et_pb_use_builder":"","_et_pb_old_content":"","_et_gb_content_width":"","_usar_header_alternativo":false,"footnotes":""},"categories":[131,126],"tags":[],"class_list":["post-28468","post","type-post","status-publish","format-standard","hentry","category-acordaos","category-ccn","et-doesnt-have-format-content","et_post_format-et-post-format-standard"],"_links":{"self":[{"href":"https:\/\/www.fazenda.niteroi.rj.gov.br\/site\/wp-json\/wp\/v2\/posts\/28468","targetHints":{"allow":["GET"]}}],"collection":[{"href":"https:\/\/www.fazenda.niteroi.rj.gov.br\/site\/wp-json\/wp\/v2\/posts"}],"about":[{"href":"https:\/\/www.fazenda.niteroi.rj.gov.br\/site\/wp-json\/wp\/v2\/types\/post"}],"author":[{"embeddable":true,"href":"https:\/\/www.fazenda.niteroi.rj.gov.br\/site\/wp-json\/wp\/v2\/users\/4"}],"replies":[{"embeddable":true,"href":"https:\/\/www.fazenda.niteroi.rj.gov.br\/site\/wp-json\/wp\/v2\/comments?post=28468"}],"version-history":[{"count":1,"href":"https:\/\/www.fazenda.niteroi.rj.gov.br\/site\/wp-json\/wp\/v2\/posts\/28468\/revisions"}],"predecessor-version":[{"id":28470,"href":"https:\/\/www.fazenda.niteroi.rj.gov.br\/site\/wp-json\/wp\/v2\/posts\/28468\/revisions\/28470"}],"wp:attachment":[{"href":"https:\/\/www.fazenda.niteroi.rj.gov.br\/site\/wp-json\/wp\/v2\/media?parent=28468"}],"wp:term":[{"taxonomy":"category","embeddable":true,"href":"https:\/\/www.fazenda.niteroi.rj.gov.br\/site\/wp-json\/wp\/v2\/categories?post=28468"},{"taxonomy":"post_tag","embeddable":true,"href":"https:\/\/www.fazenda.niteroi.rj.gov.br\/site\/wp-json\/wp\/v2\/tags?post=28468"}],"curies":[{"name":"wp","href":"https:\/\/api.w.org\/{rel}","templated":true}]}}