{"id":28581,"date":"2024-07-22T13:19:53","date_gmt":"2024-07-22T16:19:53","guid":{"rendered":"https:\/\/www.fazenda.niteroi.rj.gov.br\/site\/?p=28581"},"modified":"2024-07-22T13:20:16","modified_gmt":"2024-07-22T16:20:16","slug":"acordao-3350-2024","status":"publish","type":"post","link":"https:\/\/www.fazenda.niteroi.rj.gov.br\/site\/acordao-3350-2024\/","title":{"rendered":"Ac\u00f3rd\u00e3o 3350\/2024"},"content":{"rendered":"\n<p>1505\u00aa Sess\u00e3o Ordin\u00e1ria, de 22\/05\/2024<\/p>\n\n\n\n<p>Processo n\u00ba 030\/030286\/2019<\/p>\n\n\n\n<p>Recorrente: IT INSTALA\u00c7\u00d5ES T\u00c9CNICAS LTDA<\/p>\n\n\n\n<p>\u201cEmenta: &#8211; ISS. Recurso de Of\u00edcio. Notifica\u00e7\u00e3o de Lan\u00e7amento. Compet\u00eancia tribut\u00e1ria do munic\u00edpio no qual ocorre a presta\u00e7\u00e3o dos servi\u00e7os do subitem 7.02 da Lista de Servi\u00e7os. Responsabilidade de reten\u00e7\u00e3o e recolhimento do ISS incidente sobre servi\u00e7os de constru\u00e7\u00e3o civil durante os exerc\u00edcios de 2009 \u00e0 2016. Recurso de Of\u00edcio conhecido e desprovido.&#8221;<\/p>\n\n\n\n<p>Inteiro teor: <a href=\"https:\/\/www.fazenda.niteroi.rj.gov.br\/site\/wp-content\/uploads\/2024\/07\/PA-030286.19-FIS.-77-A-102.pdf\">Ac\u00f3rd\u00e3o 3350\/2024<\/a><\/p>\n","protected":false},"excerpt":{"rendered":"<p>SS. Recurso de Of\u00edcio. Notifica\u00e7\u00e3o de Lan\u00e7amento. Compet\u00eancia tribut\u00e1ria do munic\u00edpio no qual ocorre a presta\u00e7\u00e3o dos servi\u00e7os do subitem 7.02 da Lista de Servi\u00e7os. Responsabilidade de reten\u00e7\u00e3o e recolhimento do ISS incidente sobre servi\u00e7os de constru\u00e7\u00e3o civil durante os exerc\u00edcios de 2009 \u00e0 2016. Recurso de Of\u00edcio conhecido e desprovido.&#8221;<\/p>\n","protected":false},"author":4,"featured_media":0,"comment_status":"closed","ping_status":"closed","sticky":false,"template":"","format":"standard","meta":{"_et_pb_use_builder":"","_et_pb_old_content":"","_et_gb_content_width":"","_usar_header_alternativo":false,"footnotes":""},"categories":[131,126],"tags":[],"class_list":["post-28581","post","type-post","status-publish","format-standard","hentry","category-acordaos","category-ccn","et-doesnt-have-format-content","et_post_format-et-post-format-standard"],"_links":{"self":[{"href":"https:\/\/www.fazenda.niteroi.rj.gov.br\/site\/wp-json\/wp\/v2\/posts\/28581","targetHints":{"allow":["GET"]}}],"collection":[{"href":"https:\/\/www.fazenda.niteroi.rj.gov.br\/site\/wp-json\/wp\/v2\/posts"}],"about":[{"href":"https:\/\/www.fazenda.niteroi.rj.gov.br\/site\/wp-json\/wp\/v2\/types\/post"}],"author":[{"embeddable":true,"href":"https:\/\/www.fazenda.niteroi.rj.gov.br\/site\/wp-json\/wp\/v2\/users\/4"}],"replies":[{"embeddable":true,"href":"https:\/\/www.fazenda.niteroi.rj.gov.br\/site\/wp-json\/wp\/v2\/comments?post=28581"}],"version-history":[{"count":1,"href":"https:\/\/www.fazenda.niteroi.rj.gov.br\/site\/wp-json\/wp\/v2\/posts\/28581\/revisions"}],"predecessor-version":[{"id":28583,"href":"https:\/\/www.fazenda.niteroi.rj.gov.br\/site\/wp-json\/wp\/v2\/posts\/28581\/revisions\/28583"}],"wp:attachment":[{"href":"https:\/\/www.fazenda.niteroi.rj.gov.br\/site\/wp-json\/wp\/v2\/media?parent=28581"}],"wp:term":[{"taxonomy":"category","embeddable":true,"href":"https:\/\/www.fazenda.niteroi.rj.gov.br\/site\/wp-json\/wp\/v2\/categories?post=28581"},{"taxonomy":"post_tag","embeddable":true,"href":"https:\/\/www.fazenda.niteroi.rj.gov.br\/site\/wp-json\/wp\/v2\/tags?post=28581"}],"curies":[{"name":"wp","href":"https:\/\/api.w.org\/{rel}","templated":true}]}}