{"id":28656,"date":"2024-07-23T10:48:19","date_gmt":"2024-07-23T13:48:19","guid":{"rendered":"https:\/\/www.fazenda.niteroi.rj.gov.br\/site\/?p=28656"},"modified":"2024-07-23T10:48:44","modified_gmt":"2024-07-23T13:48:44","slug":"agenda-23-07-2024-terca-feira","status":"publish","type":"post","link":"https:\/\/www.fazenda.niteroi.rj.gov.br\/site\/agenda-23-07-2024-terca-feira\/","title":{"rendered":"Agenda 23.07.2024 Ter\u00e7a-feira"},"content":{"rendered":"\n<p>10h<br>Cerim\u00f4nia de Ordem de In\u00edcio do Centro Cultural Zona Norte<br>Local: Alameda S\u00e3o Boaventura, 263 ao lado do Col\u00e9gio Na. Sra. das Merc\u00eas<\/p>\n\n\n\n<p>14h<br>Despacho Interno com o Subs de Finan\u00e7as Sr. Heitor Moreira e Diretor Sr. Lucas Paz<br>Pauta: Andamento do grupo de PPPs<\/p>\n\n\n\n<p>15h<br>Despacho Interno com o Subs de Finan\u00e7as Sr. Heitor Moreira, Diretor Sr. Lucas Paz e Assessora de Planejamento Sra. Ingrid Lucas<br>Pauta: Andamento Observat\u00f3rio de Dados Fiscais<\/p>\n\n\n\n<p>16h<br>Despacho Interno com Assessoria de Comunica\u00e7\u00e3o Sra. Fernanda Fraga, Assessoria de Planejamento \u2013 Sra. Ingrid Lucas, Diretor de Controle Interno \u2013 Sr. Pedro Reys, Subsecret\u00e1rio de Moderniza\u00e7\u00e3o &#8211; Sr. Haroldo Almeida<\/p>\n\n\n\n<p>18h<br>Palestra &#8211; Mariana Mazzucato &#8221; Crescimento inclusivo e sustent\u00e1vel liderado pela inova\u00e7\u00e3o: uma abordagem orientada por miss\u00f5es\u2026.<br>Local: Col\u00e9gio Brasileiro de Altos Estudos (CBAE-UFRJ) Avenida Rui Barbosa,762 Flamengo ou pelo youtube<\/p>\n","protected":false},"excerpt":{"rendered":"<p>10hCerim\u00f4nia de Ordem de In\u00edcio do Centro Cultural Zona NorteLocal: Alameda S\u00e3o Boaventura, 263 ao lado do Col\u00e9gio Na. Sra. das Merc\u00eas 14hDespacho Interno com o Subs de Finan\u00e7as Sr. [&hellip;]<\/p>\n","protected":false},"author":38,"featured_media":0,"comment_status":"closed","ping_status":"closed","sticky":false,"template":"","format":"standard","meta":{"_et_pb_use_builder":"","_et_pb_old_content":"","_et_gb_content_width":"","_usar_header_alternativo":false,"footnotes":""},"categories":[394],"tags":[397,452],"class_list":["post-28656","post","type-post","status-publish","format-standard","hentry","category-agenda","tag-agenda-da-secretaria","tag-transparencia","et-doesnt-have-format-content","et_post_format-et-post-format-standard"],"_links":{"self":[{"href":"https:\/\/www.fazenda.niteroi.rj.gov.br\/site\/wp-json\/wp\/v2\/posts\/28656","targetHints":{"allow":["GET"]}}],"collection":[{"href":"https:\/\/www.fazenda.niteroi.rj.gov.br\/site\/wp-json\/wp\/v2\/posts"}],"about":[{"href":"https:\/\/www.fazenda.niteroi.rj.gov.br\/site\/wp-json\/wp\/v2\/types\/post"}],"author":[{"embeddable":true,"href":"https:\/\/www.fazenda.niteroi.rj.gov.br\/site\/wp-json\/wp\/v2\/users\/38"}],"replies":[{"embeddable":true,"href":"https:\/\/www.fazenda.niteroi.rj.gov.br\/site\/wp-json\/wp\/v2\/comments?post=28656"}],"version-history":[{"count":1,"href":"https:\/\/www.fazenda.niteroi.rj.gov.br\/site\/wp-json\/wp\/v2\/posts\/28656\/revisions"}],"predecessor-version":[{"id":28657,"href":"https:\/\/www.fazenda.niteroi.rj.gov.br\/site\/wp-json\/wp\/v2\/posts\/28656\/revisions\/28657"}],"wp:attachment":[{"href":"https:\/\/www.fazenda.niteroi.rj.gov.br\/site\/wp-json\/wp\/v2\/media?parent=28656"}],"wp:term":[{"taxonomy":"category","embeddable":true,"href":"https:\/\/www.fazenda.niteroi.rj.gov.br\/site\/wp-json\/wp\/v2\/categories?post=28656"},{"taxonomy":"post_tag","embeddable":true,"href":"https:\/\/www.fazenda.niteroi.rj.gov.br\/site\/wp-json\/wp\/v2\/tags?post=28656"}],"curies":[{"name":"wp","href":"https:\/\/api.w.org\/{rel}","templated":true}]}}