{"id":28741,"date":"2024-07-26T09:36:01","date_gmt":"2024-07-26T12:36:01","guid":{"rendered":"https:\/\/www.fazenda.niteroi.rj.gov.br\/site\/?p=28741"},"modified":"2024-07-26T09:45:37","modified_gmt":"2024-07-26T12:45:37","slug":"acordao-no-2298-2019","status":"publish","type":"post","link":"https:\/\/www.fazenda.niteroi.rj.gov.br\/site\/acordao-no-2298-2019\/","title":{"rendered":"Ac\u00f3rd\u00e3o n\u00ba 2298\/2019"},"content":{"rendered":"\n<ul class=\"wp-block-list\">\n<li>1090\u00ba Sess\u00e3o Ordin\u00e1ria, de 10\/01\/2019<\/li>\n\n\n\n<li>Processo: 30\/028764\/2017<\/li>\n\n\n\n<li>Recorrente: JO\u00c3O FELIPE CHAGAS BRASIL<\/li>\n\n\n\n<li><strong><u>\u201cEmenta:<\/u><\/strong> <strong>IPTU \u2013 Lan\u00e7amento Complementar do Imposto. D\u00a0\u00a0\u00a0\u00a0\u00a0 ECIS\u00c3O DE Primeira Instancia no sentido do cancelamento do lan\u00e7amento efetuado, por erro na determina\u00e7\u00e3o do sujeito passivo, pois o notificado s\u00f3 adquiriu a propriedade do im\u00f3vel ap\u00f3s a ocorr\u00eancia dos fatos geradores em que se fundamentou o lan\u00e7amento efetuado. Recurso de of\u00edcio n\u00e3o provido. Recurso volunt\u00e1rio indeferido de plano por in\u00e9pcia em fun\u00e7\u00e3o da falta de causa de pedir, nos termos do art. 11, par\u00e1grafo 1\u00ba da Lei 3368\/18.\u201d<\/strong><\/li>\n\n\n\n<li>Inteiro Teor: <a href=\"https:\/\/www.fazenda.niteroi.rj.gov.br\/site\/wp-content\/uploads\/2024\/07\/pa-028764.17-fls.-57-a-67.pdf\">Ac\u00f3rd\u00e3o 2298\/2019.<\/a><\/li>\n<\/ul>\n\n\n\n<ul class=\"wp-block-list\">\n<li><\/li>\n<\/ul>\n","protected":false},"excerpt":{"rendered":"<p>IPTU \u2013 Lan\u00e7amento Complementar do Imposto. D\u00a0\u00a0\u00a0\u00a0\u00a0 ECIS\u00c3O DE Primeira Instancia no sentido do cancelamento do lan\u00e7amento efetuado, por erro na determina\u00e7\u00e3o do sujeito passivo, pois o notificado s\u00f3 adquiriu a propriedade do im\u00f3vel ap\u00f3s a ocorr\u00eancia dos fatos geradores em que se fundamentou o lan\u00e7amento efetuado. Recurso de of\u00edcio n\u00e3o provido. Recurso volunt\u00e1rio indeferido de plano por in\u00e9pcia em fun\u00e7\u00e3o da falta de causa de pedir, nos termos do art. 11, par\u00e1grafo 1\u00ba da Lei 3368\/18.\u201d<\/p>\n","protected":false},"author":4,"featured_media":0,"comment_status":"open","ping_status":"closed","sticky":false,"template":"","format":"standard","meta":{"_et_pb_use_builder":"","_et_pb_old_content":"","_et_gb_content_width":"","_usar_header_alternativo":false,"footnotes":""},"categories":[131,126],"tags":[],"class_list":["post-28741","post","type-post","status-publish","format-standard","hentry","category-acordaos","category-ccn","et-doesnt-have-format-content","et_post_format-et-post-format-standard"],"_links":{"self":[{"href":"https:\/\/www.fazenda.niteroi.rj.gov.br\/site\/wp-json\/wp\/v2\/posts\/28741","targetHints":{"allow":["GET"]}}],"collection":[{"href":"https:\/\/www.fazenda.niteroi.rj.gov.br\/site\/wp-json\/wp\/v2\/posts"}],"about":[{"href":"https:\/\/www.fazenda.niteroi.rj.gov.br\/site\/wp-json\/wp\/v2\/types\/post"}],"author":[{"embeddable":true,"href":"https:\/\/www.fazenda.niteroi.rj.gov.br\/site\/wp-json\/wp\/v2\/users\/4"}],"replies":[{"embeddable":true,"href":"https:\/\/www.fazenda.niteroi.rj.gov.br\/site\/wp-json\/wp\/v2\/comments?post=28741"}],"version-history":[{"count":2,"href":"https:\/\/www.fazenda.niteroi.rj.gov.br\/site\/wp-json\/wp\/v2\/posts\/28741\/revisions"}],"predecessor-version":[{"id":28745,"href":"https:\/\/www.fazenda.niteroi.rj.gov.br\/site\/wp-json\/wp\/v2\/posts\/28741\/revisions\/28745"}],"wp:attachment":[{"href":"https:\/\/www.fazenda.niteroi.rj.gov.br\/site\/wp-json\/wp\/v2\/media?parent=28741"}],"wp:term":[{"taxonomy":"category","embeddable":true,"href":"https:\/\/www.fazenda.niteroi.rj.gov.br\/site\/wp-json\/wp\/v2\/categories?post=28741"},{"taxonomy":"post_tag","embeddable":true,"href":"https:\/\/www.fazenda.niteroi.rj.gov.br\/site\/wp-json\/wp\/v2\/tags?post=28741"}],"curies":[{"name":"wp","href":"https:\/\/api.w.org\/{rel}","templated":true}]}}