{"id":28768,"date":"2024-07-26T10:28:56","date_gmt":"2024-07-26T13:28:56","guid":{"rendered":"https:\/\/www.fazenda.niteroi.rj.gov.br\/site\/?p=28768"},"modified":"2024-07-26T10:29:20","modified_gmt":"2024-07-26T13:29:20","slug":"acordao-no-2304-2019","status":"publish","type":"post","link":"https:\/\/www.fazenda.niteroi.rj.gov.br\/site\/acordao-no-2304-2019\/","title":{"rendered":"Ac\u00f3rd\u00e3o n\u00ba 2304\/2019"},"content":{"rendered":"\n<ul class=\"wp-block-list\">\n<li>1091\u00aa Sess\u00e3o Ordin\u00e1ria, de 17\/01\/2019<\/li>\n\n\n\n<li>Processo: 030\/011639\/2018<\/li>\n\n\n\n<li>Recorrente: BRUNO DA FONSECA TEBALDI<\/li>\n\n\n\n<li><strong><u>\u201cEmenta:<\/u>&nbsp; ITBI \u2013 Recurso de Of\u00edcio \u2013 Decis\u00e3o que reduziu o valor venal do im\u00f3vel com base em avalia\u00e7\u00e3o realizada pela administra\u00e7\u00e3o \u2013 Improced\u00eancia do recurso.\u201d<\/strong><\/li>\n\n\n\n<li>Inteiro teor: <a href=\"https:\/\/www.fazenda.niteroi.rj.gov.br\/site\/wp-content\/uploads\/2024\/07\/PA-011639.18-FLS.-30-A-42.pdf\">Ac\u00f3rd\u00e3o 2304\/2019<\/a><\/li>\n<\/ul>\n","protected":false},"excerpt":{"rendered":"<p>ITBI \u2013 Recurso de Of\u00edcio \u2013 Decis\u00e3o que reduziu o valor venal do im\u00f3vel com base em avalia\u00e7\u00e3o realizada pela administra\u00e7\u00e3o \u2013 Improced\u00eancia do recurso.\u201d<\/p>\n","protected":false},"author":4,"featured_media":0,"comment_status":"closed","ping_status":"closed","sticky":false,"template":"","format":"standard","meta":{"_et_pb_use_builder":"","_et_pb_old_content":"","_et_gb_content_width":"","_usar_header_alternativo":false,"footnotes":""},"categories":[131,126],"tags":[],"class_list":["post-28768","post","type-post","status-publish","format-standard","hentry","category-acordaos","category-ccn","et-doesnt-have-format-content","et_post_format-et-post-format-standard"],"_links":{"self":[{"href":"https:\/\/www.fazenda.niteroi.rj.gov.br\/site\/wp-json\/wp\/v2\/posts\/28768","targetHints":{"allow":["GET"]}}],"collection":[{"href":"https:\/\/www.fazenda.niteroi.rj.gov.br\/site\/wp-json\/wp\/v2\/posts"}],"about":[{"href":"https:\/\/www.fazenda.niteroi.rj.gov.br\/site\/wp-json\/wp\/v2\/types\/post"}],"author":[{"embeddable":true,"href":"https:\/\/www.fazenda.niteroi.rj.gov.br\/site\/wp-json\/wp\/v2\/users\/4"}],"replies":[{"embeddable":true,"href":"https:\/\/www.fazenda.niteroi.rj.gov.br\/site\/wp-json\/wp\/v2\/comments?post=28768"}],"version-history":[{"count":1,"href":"https:\/\/www.fazenda.niteroi.rj.gov.br\/site\/wp-json\/wp\/v2\/posts\/28768\/revisions"}],"predecessor-version":[{"id":28770,"href":"https:\/\/www.fazenda.niteroi.rj.gov.br\/site\/wp-json\/wp\/v2\/posts\/28768\/revisions\/28770"}],"wp:attachment":[{"href":"https:\/\/www.fazenda.niteroi.rj.gov.br\/site\/wp-json\/wp\/v2\/media?parent=28768"}],"wp:term":[{"taxonomy":"category","embeddable":true,"href":"https:\/\/www.fazenda.niteroi.rj.gov.br\/site\/wp-json\/wp\/v2\/categories?post=28768"},{"taxonomy":"post_tag","embeddable":true,"href":"https:\/\/www.fazenda.niteroi.rj.gov.br\/site\/wp-json\/wp\/v2\/tags?post=28768"}],"curies":[{"name":"wp","href":"https:\/\/api.w.org\/{rel}","templated":true}]}}