{"id":28789,"date":"2024-07-26T10:45:30","date_gmt":"2024-07-26T13:45:30","guid":{"rendered":"https:\/\/www.fazenda.niteroi.rj.gov.br\/site\/?p=28789"},"modified":"2024-07-26T10:45:54","modified_gmt":"2024-07-26T13:45:54","slug":"acordao-no-2311-2019","status":"publish","type":"post","link":"https:\/\/www.fazenda.niteroi.rj.gov.br\/site\/acordao-no-2311-2019\/","title":{"rendered":"Ac\u00f3rd\u00e3o n\u00ba 2311\/2019"},"content":{"rendered":"\n<ul class=\"wp-block-list\">\n<li>1095\u00aa Sess\u00e3o Ordin\u00e1ria, de 29\/01\/2019<\/li>\n\n\n\n<li>Processo: 030\/025497\/2017<\/li>\n\n\n\n<li>Recorrente: RIO HOME CAR EIRELLI<\/li>\n\n\n\n<li><strong>\u201cEmenta: ISSQN \u2013 Multa regulamentar \u2013 Auto de Infra\u00e7\u00e3o \u2013 Servi\u00e7os de home care tipificados no item 4.21 da Lista de Servi\u00e7os do Anexo III do art. 65, da Lei 2597\/08 \u2013 Comprova\u00e7\u00e3o do deslocamento da compet\u00eancia para cobran\u00e7a do ISS para munic\u00edpios diversos ao da sede \u2013 Incid\u00eancia do ISS no local da presta\u00e7\u00e3o do servi\u00e7o- configura\u00e7\u00e3o de unidade econ\u00f4mica e profissional com um complexo de bens e equipamentos para o desenvolvimento das atividades fora do munic\u00edpio de Niter\u00f3i \u2013 Exigibilidade devida no local da presta\u00e7\u00e3o do servi\u00e7o \u2013 Documento fiscal emitido de acordo com a legisla\u00e7\u00e3o \u2013 Provimento total ao recurso volunt\u00e1rio.\u201d<\/strong><\/li>\n<\/ul>\n\n\n\n<p>Inteiro teor:<a href=\"https:\/\/www.fazenda.niteroi.rj.gov.br\/site\/wp-content\/uploads\/2024\/07\/PA-025497.17.pdf\"> Ac\u00f3rd\u00e3o 2311\/2019<\/a><\/p>\n","protected":false},"excerpt":{"rendered":"<p>ISSQN \u2013 Multa regulamentar \u2013 Auto de Infra\u00e7\u00e3o \u2013 Servi\u00e7os de home care tipificados no item 4.21 da Lista de Servi\u00e7os do Anexo III do art. 65, da Lei 2597\/08 \u2013 Comprova\u00e7\u00e3o do deslocamento da compet\u00eancia para cobran\u00e7a do ISS para munic\u00edpios diversos ao da sede \u2013 Incid\u00eancia do ISS no local da presta\u00e7\u00e3o do servi\u00e7o- configura\u00e7\u00e3o de unidade econ\u00f4mica e profissional com um complexo de bens e equipamentos para o desenvolvimento das atividades fora do munic\u00edpio de Niter\u00f3i \u2013 Exigibilidade devida no local da presta\u00e7\u00e3o do servi\u00e7o \u2013 Documento fiscal emitido de acordo com a legisla\u00e7\u00e3o \u2013 Provimento total ao recurso volunt\u00e1rio.\u201d<\/p>\n","protected":false},"author":4,"featured_media":0,"comment_status":"closed","ping_status":"closed","sticky":false,"template":"","format":"standard","meta":{"_et_pb_use_builder":"","_et_pb_old_content":"","_et_gb_content_width":"","_usar_header_alternativo":false,"footnotes":""},"categories":[131,126],"tags":[],"class_list":["post-28789","post","type-post","status-publish","format-standard","hentry","category-acordaos","category-ccn","et-doesnt-have-format-content","et_post_format-et-post-format-standard"],"_links":{"self":[{"href":"https:\/\/www.fazenda.niteroi.rj.gov.br\/site\/wp-json\/wp\/v2\/posts\/28789","targetHints":{"allow":["GET"]}}],"collection":[{"href":"https:\/\/www.fazenda.niteroi.rj.gov.br\/site\/wp-json\/wp\/v2\/posts"}],"about":[{"href":"https:\/\/www.fazenda.niteroi.rj.gov.br\/site\/wp-json\/wp\/v2\/types\/post"}],"author":[{"embeddable":true,"href":"https:\/\/www.fazenda.niteroi.rj.gov.br\/site\/wp-json\/wp\/v2\/users\/4"}],"replies":[{"embeddable":true,"href":"https:\/\/www.fazenda.niteroi.rj.gov.br\/site\/wp-json\/wp\/v2\/comments?post=28789"}],"version-history":[{"count":1,"href":"https:\/\/www.fazenda.niteroi.rj.gov.br\/site\/wp-json\/wp\/v2\/posts\/28789\/revisions"}],"predecessor-version":[{"id":28791,"href":"https:\/\/www.fazenda.niteroi.rj.gov.br\/site\/wp-json\/wp\/v2\/posts\/28789\/revisions\/28791"}],"wp:attachment":[{"href":"https:\/\/www.fazenda.niteroi.rj.gov.br\/site\/wp-json\/wp\/v2\/media?parent=28789"}],"wp:term":[{"taxonomy":"category","embeddable":true,"href":"https:\/\/www.fazenda.niteroi.rj.gov.br\/site\/wp-json\/wp\/v2\/categories?post=28789"},{"taxonomy":"post_tag","embeddable":true,"href":"https:\/\/www.fazenda.niteroi.rj.gov.br\/site\/wp-json\/wp\/v2\/tags?post=28789"}],"curies":[{"name":"wp","href":"https:\/\/api.w.org\/{rel}","templated":true}]}}