{"id":28793,"date":"2024-07-26T10:50:52","date_gmt":"2024-07-26T13:50:52","guid":{"rendered":"https:\/\/www.fazenda.niteroi.rj.gov.br\/site\/?p=28793"},"modified":"2024-07-26T10:51:21","modified_gmt":"2024-07-26T13:51:21","slug":"acordao-no-2312-2019","status":"publish","type":"post","link":"https:\/\/www.fazenda.niteroi.rj.gov.br\/site\/acordao-no-2312-2019\/","title":{"rendered":"Ac\u00f3rd\u00e3o n\u00ba 2312\/2019"},"content":{"rendered":"\n<ul class=\"wp-block-list\">\n<li>1095\u00aa Sess\u00e3o Ordin\u00e1ria, de 29\/01\/2019<\/li>\n\n\n\n<li>Processo: 030\/025498\/2017<\/li>\n\n\n\n<li>Recorrente: RIO HOME CAR EIRELLI<\/li>\n\n\n\n<li><strong>\u201cEmenta: ISSQN \u2013 Auto de Infra\u00e7\u00e3o \u2013 Servi\u00e7os de home care tipificados no item 4.21 da Lista de Servi\u00e7os do Anexo III do art. 65, da Lei 2597\/08 \u2013 Comprova\u00e7\u00e3o do deslocamento da compet\u00eancia para cobran\u00e7a do ISS para munic\u00edpios diversos ao da sede \u2013 Incid\u00eancia do ISS no local da presta\u00e7\u00e3o do servi\u00e7o \u2013 Configura\u00e7\u00e3o de unidade econ\u00f4mica e profissional com um complexo de bens e equipamentos para o desenvolvimento das atividades no local da presta\u00e7\u00e3o \u2013 Provimento total ao recurso volunt\u00e1rio.\u201d<\/strong><\/li>\n<\/ul>\n\n\n\n<ul class=\"wp-block-list\">\n<li>Inteiro teor:<a href=\"https:\/\/www.fazenda.niteroi.rj.gov.br\/site\/wp-content\/uploads\/2024\/07\/PA-025498.17.pdf\"> Ac\u00f3rd\u00e3o 2312\/2019<\/a><\/li>\n<\/ul>\n","protected":false},"excerpt":{"rendered":"<p>ISSQN \u2013 Auto de Infra\u00e7\u00e3o \u2013 Servi\u00e7os de home care tipificados no item 4.21 da Lista de Servi\u00e7os do Anexo III do art. 65, da Lei 2597\/08 \u2013 Comprova\u00e7\u00e3o do deslocamento da compet\u00eancia para cobran\u00e7a do ISS para munic\u00edpios diversos ao da sede \u2013 Incid\u00eancia do ISS no local da presta\u00e7\u00e3o do servi\u00e7o \u2013 Configura\u00e7\u00e3o de unidade econ\u00f4mica e profissional com um complexo de bens e equipamentos para o desenvolvimento das atividades no local da presta\u00e7\u00e3o \u2013 Provimento total ao recurso volunt\u00e1rio.\u201d<\/p>\n","protected":false},"author":4,"featured_media":0,"comment_status":"closed","ping_status":"closed","sticky":false,"template":"","format":"standard","meta":{"_et_pb_use_builder":"","_et_pb_old_content":"","_et_gb_content_width":"","_usar_header_alternativo":false,"footnotes":""},"categories":[131,126],"tags":[],"class_list":["post-28793","post","type-post","status-publish","format-standard","hentry","category-acordaos","category-ccn","et-doesnt-have-format-content","et_post_format-et-post-format-standard"],"_links":{"self":[{"href":"https:\/\/www.fazenda.niteroi.rj.gov.br\/site\/wp-json\/wp\/v2\/posts\/28793","targetHints":{"allow":["GET"]}}],"collection":[{"href":"https:\/\/www.fazenda.niteroi.rj.gov.br\/site\/wp-json\/wp\/v2\/posts"}],"about":[{"href":"https:\/\/www.fazenda.niteroi.rj.gov.br\/site\/wp-json\/wp\/v2\/types\/post"}],"author":[{"embeddable":true,"href":"https:\/\/www.fazenda.niteroi.rj.gov.br\/site\/wp-json\/wp\/v2\/users\/4"}],"replies":[{"embeddable":true,"href":"https:\/\/www.fazenda.niteroi.rj.gov.br\/site\/wp-json\/wp\/v2\/comments?post=28793"}],"version-history":[{"count":1,"href":"https:\/\/www.fazenda.niteroi.rj.gov.br\/site\/wp-json\/wp\/v2\/posts\/28793\/revisions"}],"predecessor-version":[{"id":28795,"href":"https:\/\/www.fazenda.niteroi.rj.gov.br\/site\/wp-json\/wp\/v2\/posts\/28793\/revisions\/28795"}],"wp:attachment":[{"href":"https:\/\/www.fazenda.niteroi.rj.gov.br\/site\/wp-json\/wp\/v2\/media?parent=28793"}],"wp:term":[{"taxonomy":"category","embeddable":true,"href":"https:\/\/www.fazenda.niteroi.rj.gov.br\/site\/wp-json\/wp\/v2\/categories?post=28793"},{"taxonomy":"post_tag","embeddable":true,"href":"https:\/\/www.fazenda.niteroi.rj.gov.br\/site\/wp-json\/wp\/v2\/tags?post=28793"}],"curies":[{"name":"wp","href":"https:\/\/api.w.org\/{rel}","templated":true}]}}