{"id":28864,"date":"2024-07-26T13:00:43","date_gmt":"2024-07-26T16:00:43","guid":{"rendered":"https:\/\/www.fazenda.niteroi.rj.gov.br\/site\/?p=28864"},"modified":"2024-07-26T13:01:07","modified_gmt":"2024-07-26T16:01:07","slug":"acordao-no-2334-2019","status":"publish","type":"post","link":"https:\/\/www.fazenda.niteroi.rj.gov.br\/site\/acordao-no-2334-2019\/","title":{"rendered":"Ac\u00f3rd\u00e3o n\u00ba 2334\/2019"},"content":{"rendered":"\n<ul class=\"wp-block-list\">\n<li>1102\u00aa Sess\u00e3o Ordin\u00e1ria, de 12\/02\/2019<\/li>\n\n\n\n<li>Processo: 030\/009487\/2018<\/li>\n\n\n\n<li>Recorrente: RAFAEL MACHON BARROS<\/li>\n\n\n\n<li><strong>\u201cEmenta: ITBI \u2013 Recurso de Of\u00edcio \u2013 Decis\u00e3o que reduziu o valor venal do im\u00f3vel com base em avalia\u00e7\u00e3o realizada pela administra\u00e7\u00e3o \u2013 Improced\u00eancia do recurso.\u201d<\/strong><\/li>\n<\/ul>\n\n\n\n<p>Inteiro teor:<a href=\"https:\/\/www.fazenda.niteroi.rj.gov.br\/site\/wp-content\/uploads\/2024\/07\/PA-09487.18-FLS.-23-A-36.pdf\"> Ac\u00f3rd\u00e3o 2334\/2019<\/a><\/p>\n","protected":false},"excerpt":{"rendered":"<p>ITBI \u2013 Recurso de Of\u00edcio \u2013 Decis\u00e3o que reduziu o valor venal do im\u00f3vel com base em avalia\u00e7\u00e3o realizada pela administra\u00e7\u00e3o \u2013 Improced\u00eancia do recurso.\u201d<\/p>\n","protected":false},"author":4,"featured_media":0,"comment_status":"closed","ping_status":"closed","sticky":false,"template":"","format":"standard","meta":{"_et_pb_use_builder":"","_et_pb_old_content":"","_et_gb_content_width":"","_usar_header_alternativo":false,"footnotes":""},"categories":[131,126],"tags":[],"class_list":["post-28864","post","type-post","status-publish","format-standard","hentry","category-acordaos","category-ccn","et-doesnt-have-format-content","et_post_format-et-post-format-standard"],"_links":{"self":[{"href":"https:\/\/www.fazenda.niteroi.rj.gov.br\/site\/wp-json\/wp\/v2\/posts\/28864","targetHints":{"allow":["GET"]}}],"collection":[{"href":"https:\/\/www.fazenda.niteroi.rj.gov.br\/site\/wp-json\/wp\/v2\/posts"}],"about":[{"href":"https:\/\/www.fazenda.niteroi.rj.gov.br\/site\/wp-json\/wp\/v2\/types\/post"}],"author":[{"embeddable":true,"href":"https:\/\/www.fazenda.niteroi.rj.gov.br\/site\/wp-json\/wp\/v2\/users\/4"}],"replies":[{"embeddable":true,"href":"https:\/\/www.fazenda.niteroi.rj.gov.br\/site\/wp-json\/wp\/v2\/comments?post=28864"}],"version-history":[{"count":1,"href":"https:\/\/www.fazenda.niteroi.rj.gov.br\/site\/wp-json\/wp\/v2\/posts\/28864\/revisions"}],"predecessor-version":[{"id":28866,"href":"https:\/\/www.fazenda.niteroi.rj.gov.br\/site\/wp-json\/wp\/v2\/posts\/28864\/revisions\/28866"}],"wp:attachment":[{"href":"https:\/\/www.fazenda.niteroi.rj.gov.br\/site\/wp-json\/wp\/v2\/media?parent=28864"}],"wp:term":[{"taxonomy":"category","embeddable":true,"href":"https:\/\/www.fazenda.niteroi.rj.gov.br\/site\/wp-json\/wp\/v2\/categories?post=28864"},{"taxonomy":"post_tag","embeddable":true,"href":"https:\/\/www.fazenda.niteroi.rj.gov.br\/site\/wp-json\/wp\/v2\/tags?post=28864"}],"curies":[{"name":"wp","href":"https:\/\/api.w.org\/{rel}","templated":true}]}}