{"id":28903,"date":"2024-07-26T14:57:44","date_gmt":"2024-07-26T17:57:44","guid":{"rendered":"https:\/\/www.fazenda.niteroi.rj.gov.br\/site\/?p=28903"},"modified":"2024-07-26T14:58:12","modified_gmt":"2024-07-26T17:58:12","slug":"acordao-no-2345-2019","status":"publish","type":"post","link":"https:\/\/www.fazenda.niteroi.rj.gov.br\/site\/acordao-no-2345-2019\/","title":{"rendered":"Ac\u00f3rd\u00e3o n\u00ba 2345\/2019"},"content":{"rendered":"\n<ul class=\"wp-block-list\">\n<li>1104\u00aa Sess\u00e3o Ordin\u00e1ria, de 21\/02\/2019<\/li>\n\n\n\n<li>Processo: 030\/017132\/2018<\/li>\n\n\n\n<li>Recorrente: ANGELA MARIA G. BUARQUE<\/li>\n\n\n\n<li><strong>\u201cEmenta: IPTU \u2013 Lan\u00e7amento complementar. Impossibilidade de retroa\u00e7\u00e3o pois n\u00e3o h\u00e1 fatos novos, al\u00e9m dos j\u00e1 anteriormente conhecidos pela Administra\u00e7\u00e3o. Recurso volunt\u00e1rio conhecido e provido.\u201d<\/strong><\/li>\n<\/ul>\n\n\n\n<ul class=\"wp-block-list\">\n<li>Inteiro teor: <a href=\"https:\/\/www.fazenda.niteroi.rj.gov.br\/site\/wp-content\/uploads\/2024\/07\/PA-017132.18-FLS.-46-A-57.pdf\">Ac\u00f3rd\u00e3o 2345\/2019<\/a><\/li>\n<\/ul>\n","protected":false},"excerpt":{"rendered":"<p>IPTU \u2013 Lan\u00e7amento complementar. Impossibilidade de retroa\u00e7\u00e3o pois n\u00e3o h\u00e1 fatos novos, al\u00e9m dos j\u00e1 anteriormente conhecidos pela Administra\u00e7\u00e3o. Recurso volunt\u00e1rio conhecido e provido.\u201d<\/p>\n","protected":false},"author":4,"featured_media":0,"comment_status":"closed","ping_status":"closed","sticky":false,"template":"","format":"standard","meta":{"_et_pb_use_builder":"","_et_pb_old_content":"","_et_gb_content_width":"","_usar_header_alternativo":false,"footnotes":""},"categories":[131,126],"tags":[],"class_list":["post-28903","post","type-post","status-publish","format-standard","hentry","category-acordaos","category-ccn","et-doesnt-have-format-content","et_post_format-et-post-format-standard"],"_links":{"self":[{"href":"https:\/\/www.fazenda.niteroi.rj.gov.br\/site\/wp-json\/wp\/v2\/posts\/28903","targetHints":{"allow":["GET"]}}],"collection":[{"href":"https:\/\/www.fazenda.niteroi.rj.gov.br\/site\/wp-json\/wp\/v2\/posts"}],"about":[{"href":"https:\/\/www.fazenda.niteroi.rj.gov.br\/site\/wp-json\/wp\/v2\/types\/post"}],"author":[{"embeddable":true,"href":"https:\/\/www.fazenda.niteroi.rj.gov.br\/site\/wp-json\/wp\/v2\/users\/4"}],"replies":[{"embeddable":true,"href":"https:\/\/www.fazenda.niteroi.rj.gov.br\/site\/wp-json\/wp\/v2\/comments?post=28903"}],"version-history":[{"count":1,"href":"https:\/\/www.fazenda.niteroi.rj.gov.br\/site\/wp-json\/wp\/v2\/posts\/28903\/revisions"}],"predecessor-version":[{"id":28905,"href":"https:\/\/www.fazenda.niteroi.rj.gov.br\/site\/wp-json\/wp\/v2\/posts\/28903\/revisions\/28905"}],"wp:attachment":[{"href":"https:\/\/www.fazenda.niteroi.rj.gov.br\/site\/wp-json\/wp\/v2\/media?parent=28903"}],"wp:term":[{"taxonomy":"category","embeddable":true,"href":"https:\/\/www.fazenda.niteroi.rj.gov.br\/site\/wp-json\/wp\/v2\/categories?post=28903"},{"taxonomy":"post_tag","embeddable":true,"href":"https:\/\/www.fazenda.niteroi.rj.gov.br\/site\/wp-json\/wp\/v2\/tags?post=28903"}],"curies":[{"name":"wp","href":"https:\/\/api.w.org\/{rel}","templated":true}]}}